{"id":15726,"date":"2023-09-05T08:56:01","date_gmt":"2023-09-05T06:56:01","guid":{"rendered":"https:\/\/indeks.mk\/?p=15726"},"modified":"2023-09-05T08:56:01","modified_gmt":"2023-09-05T06:56:01","slug":"seance-e-125-te-e-kuvendit-debatohet-per-me-shume-propozim-ligje","status":"publish","type":"post","link":"https:\/\/indeks.bilten.mk\/?p=15726","title":{"rendered":"Seanc\u00eb e 125-t\u00eb e Kuvendit, debatohet p\u00ebr m\u00eb shum\u00eb propozim-ligje"},"content":{"rendered":"<p>Propozimi i deklarat\u00ebs me rastin e 120-vjetorit nga kryengritja e Ilindenit dhe Repubika e Krushev\u00ebs, \u00ebsht\u00eb n\u00eb rendin e dit\u00ebs s\u00eb seanc\u00ebs s\u00eb sotme t\u00eb 125-t\u00eb t\u00eb Kuvendit t\u00eb Republik\u00ebs s\u00eb Maqedonis\u00eb s\u00eb Veriut.<\/p>\n<p>Deputet\u00ebt do t\u00eb diskutojn\u00eb edhe p\u00ebr Propozimin p\u00ebr zgjedhjen e an\u00ebtarit t\u00eb K\u00ebshillit komb\u00ebtar p\u00ebr arsim t\u00eb lart\u00eb dhe veprimtari shkencoro-hulumtuese dhe Propozimin p\u00ebr zgjedhje t\u00eb an\u00ebtar\u00ebve t\u00eb K\u00ebshillit shtet\u00ebror p\u00ebr parandalim t\u00eb delikuenc\u00ebs s\u00eb f\u00ebmij\u00ebve.<\/p>\n<p>N\u00eb agjend\u00ebn jan\u00eb edhe Propozim-ligjet p\u00ebr ratifikimin e Marr\u00ebveshjes s\u00eb ndryshuar p\u00ebr furnizime publike (2012) me Vendim nga Komiteti p\u00ebr furnizime publike t\u00eb Organizat\u00ebs trgetare bot\u00ebrore p\u00ebr qasjen e Republik\u00ebs s\u00eb Maqedonis\u00eb s\u00eb Veriut drejt Marr\u00ebveshjes s\u00eb ndryshuar p\u00ebr furnizime publike (2012) dhe Protokollit t\u00eb gjasht\u00eb plot\u00ebsues p\u00ebr forcat multikomb\u00ebtare paqesore t\u00eb Evrop\u00ebs Juglindore.<\/p>\n<p>Si\u00e7 u paralajm\u00ebrua, deputet\u00ebt duhet t\u00eb debatojn\u00eb edhe p\u00ebr propozim ligjin p\u00ebr ndryshimin dhe plot\u00ebsimin e Ligjit p\u00ebr akcizat edhe t\u00eb Ligjit p\u00ebr Bank\u00eb zhvillimore t\u00eb Maqedonis\u00eb s\u00eb Veriut, me procedur\u00eb t\u00eb shkurtuar.<\/p>\n<p>Do t\u00eb diskutohet mes tjerash edhe p\u00ebr Propozimin e ligjit p\u00ebr sistemin p\u00ebr vler\u00ebsim t\u00eb personave me pengesa n\u00eb zhvillim, propozim ligji p\u00ebr regjist\u00ebr t\u00eb sigurimit t\u00eb obliguar social dhe p\u00ebr Propozim ligjin p\u00ebr ndryshimin dhe plot\u00ebsimin e Ligjit p\u00ebr sigurim sh\u00ebndet\u00ebsor, t\u00eb gjitha sipas procedur\u00ebs s\u00eb shkurtuar.<\/p>\n<p>N\u00eb seanc\u00ebn e sotme t\u00eb Kuvendit jan\u00eb edhe Propozimi i ligjit p\u00ebr gjueti dhe Propozimi i ligjit p\u00ebr arsim p\u00ebr t\u00eb moshuarit, t\u00eb dy n\u00eb lexim t\u00eb par\u00eb.<\/p>\n<p>N\u00eb agjend\u00eb jan\u00eb edhe Propozimi i Ligjit p\u00ebr ndryshimin dhe plot\u00ebsimin e Ligjit p\u00ebr paraqitje t\u00eb vendbanimit dhe vendq\u00ebndrimit t\u00eb qytetar\u00ebve dhe Propozimi i ligjit p\u00ebr ndryshimin dhe plot\u00ebsimin e Ligjit p\u00ebr let\u00ebrnjoftim, me procur\u00ebs t\u00eb shkurtuar. <\/p>\n","protected":false},"excerpt":{"rendered":"<p>Propozimi i deklarat\u00ebs me rastin e 120-vjetorit nga kryengritja e Ilindenit dhe Repubika e Krushev\u00ebs, \u00ebsht\u00eb n\u00eb rendin e dit\u00ebs s\u00eb seanc\u00ebs s\u00eb sotme t\u00eb<\/p>\n","protected":false},"author":14,"featured_media":0,"comment_status":"open","ping_status":"open","sticky":false,"template":"","format":"standard","meta":{"footnotes":""},"categories":[44],"tags":[],"class_list":["post-15726","post","type-post","status-publish","format-standard","hentry","category-maqedoni"],"_links":{"self":[{"href":"https:\/\/indeks.bilten.mk\/index.php?rest_route=\/wp\/v2\/posts\/15726","targetHints":{"allow":["GET"]}}],"collection":[{"href":"https:\/\/indeks.bilten.mk\/index.php?rest_route=\/wp\/v2\/posts"}],"about":[{"href":"https:\/\/indeks.bilten.mk\/index.php?rest_route=\/wp\/v2\/types\/post"}],"author":[{"embeddable":true,"href":"https:\/\/indeks.bilten.mk\/index.php?rest_route=\/wp\/v2\/users\/14"}],"replies":[{"embeddable":true,"href":"https:\/\/indeks.bilten.mk\/index.php?rest_route=%2Fwp%2Fv2%2Fcomments&post=15726"}],"version-history":[{"count":0,"href":"https:\/\/indeks.bilten.mk\/index.php?rest_route=\/wp\/v2\/posts\/15726\/revisions"}],"wp:attachment":[{"href":"https:\/\/indeks.bilten.mk\/index.php?rest_route=%2Fwp%2Fv2%2Fmedia&parent=15726"}],"wp:term":[{"taxonomy":"category","embeddable":true,"href":"https:\/\/indeks.bilten.mk\/index.php?rest_route=%2Fwp%2Fv2%2Fcategories&post=15726"},{"taxonomy":"post_tag","embeddable":true,"href":"https:\/\/indeks.bilten.mk\/index.php?rest_route=%2Fwp%2Fv2%2Ftags&post=15726"}],"curies":[{"name":"wp","href":"https:\/\/api.w.org\/{rel}","templated":true}]}}