{"id":15731,"date":"2023-09-05T10:17:30","date_gmt":"2023-09-05T08:17:30","guid":{"rendered":"https:\/\/indeks.mk\/?p=15731"},"modified":"2023-09-05T10:17:30","modified_gmt":"2023-09-05T08:17:30","slug":"ne-kuader-te-kryesimit-te-rmv-se-me-osbe-ne-tetove-mbahet-konference-per-barazine-gjinore-dhe-forcimin-e-pozites-se-gruas","status":"publish","type":"post","link":"https:\/\/indeks.bilten.mk\/?p=15731","title":{"rendered":"N\u00eb kuad\u00ebr t\u00eb kryesimit t\u00eb RMV-s\u00eb me OSBE, n\u00eb Tetov\u00eb mbahet Konferenc\u00eb p\u00ebr barazin\u00eb gjinore dhe forcimin e pozit\u00ebs s\u00eb gruas"},"content":{"rendered":"<p>Sot dhe nes\u00ebr, n\u00eb Tetov\u00eb, n\u00eb kuad\u00ebr t\u00eb kryesimit t\u00eb Republik\u00ebs s\u00eb Maqedonis\u00eb s\u00eb Veriut me OSBE-n\u00eb, do t\u00eb mbahet Konferenca e par\u00eb e OSBE-s\u00eb p\u00ebr barazin\u00eb gjinore dhe fuqizimin e rolit t\u00eb grave, n\u00ebn udh\u00ebheqjen dhe iniciativ\u00ebn ton\u00eb si kryesues.<\/p>\n<p>Konferenca do t\u00eb mbahet n\u00eb ambientet e Universitetit t\u00eb Europ\u00ebs Juglindore dhe hotelit Merkur n\u00eb Tetov\u00eb, nd\u00ebrsa pjesa zyrtare, e cila do t\u00eb filloj\u00eb n\u00eb or\u00ebn 15:00, do t\u00eb hapet nga Kryesuesi i OSBE-s\u00eb p\u00ebr vitin 2023, Ministri i Pun\u00ebve t\u00eb Jashtme, Bujar Osmani. N\u00eb t\u00eb nj\u00ebjt\u00ebn koh\u00eb, fjalime do t\u00eb mbajn\u00eb edhe Sekretarja e P\u00ebrgjithshme e OSBE-s\u00eb Helga Shmid, kryetarja e Asambles\u00eb Parlamentare t\u00eb OSBE-s\u00eb dhe t\u00eb gjith\u00eb krer\u00ebt e institucioneve autonome t\u00eb OSBE-s\u00eb.<\/p>\n<p>Pas pjes\u00ebs zyrtare t\u00eb konferenc\u00ebs do t\u00eb vijoj\u00eb konferenc\u00eb e p\u00ebrbashk\u00ebt p\u00ebr media e Osmanit dhe Shmidit, e cila do t\u00eb filloj\u00eb n\u00eb or\u00ebn 16:15.<\/p>\n<p>Ngjarja dyditore parasheh tre sesione pune dhe kat\u00ebr panele shoq\u00ebruese ku p\u00ebrfaq\u00ebsues zyrtar\u00eb t\u00eb qeveris\u00eb, p\u00ebrfaq\u00ebsues zyrtar\u00eb n\u00eb kuad\u00ebr t\u00eb OSBE-s\u00eb, profesor\u00eb t\u00eb shquar, studiues dhe ekspert\u00eb t\u00eb fush\u00ebs do t\u00eb shk\u00ebmbejn\u00eb mendime p\u00ebr tema ve\u00e7an\u00ebrisht t\u00eb r\u00ebnd\u00ebsishme si grat\u00eb, paqja dhe siguria: fuqizimi i pjes\u00ebmarrjes dhe lidershipit t\u00eb grave; lidhja nd\u00ebrmjet gjinis\u00eb dhe korrupsionit dhe zbutja e efekteve t\u00eb korrupsionit te grat\u00eb; barazia gjinore n\u00eb jet\u00ebn politike, praktikat e suksesshme nga terreni p\u00ebr \u00e7\u00ebshtjet gjinore, ku nj\u00eb kontribut t\u00eb madh kan\u00eb misionet e OSBE-s\u00eb, etj.<\/p>\n<p>Kjo Konferenc\u00eb vijon pas Konferenc\u00ebs \u201cGrat\u00eb n\u00eb Politik\u00ebn e Jashtme\u201d, iniciativ\u00eb e Ministris\u00eb s\u00eb Pun\u00ebve t\u00eb Jashtme, e cila filloi t\u00eb mbahet n\u00eb vitin 2021, me q\u00ebllim fuqizimin e rolit t\u00eb gruas n\u00eb politik\u00ebn e jashtme dhe ngritjen e z\u00ebrit p\u00ebr barazin\u00eb gjinore.<\/p>\n","protected":false},"excerpt":{"rendered":"<p>Sot dhe nes\u00ebr, n\u00eb Tetov\u00eb, n\u00eb kuad\u00ebr t\u00eb kryesimit t\u00eb Republik\u00ebs s\u00eb Maqedonis\u00eb s\u00eb Veriut me OSBE-n\u00eb, do t\u00eb mbahet Konferenca e par\u00eb e OSBE-s\u00eb<\/p>\n","protected":false},"author":14,"featured_media":15732,"comment_status":"open","ping_status":"open","sticky":false,"template":"","format":"standard","meta":{"footnotes":""},"categories":[44],"tags":[],"class_list":["post-15731","post","type-post","status-publish","format-standard","has-post-thumbnail","hentry","category-maqedoni"],"_links":{"self":[{"href":"https:\/\/indeks.bilten.mk\/index.php?rest_route=\/wp\/v2\/posts\/15731","targetHints":{"allow":["GET"]}}],"collection":[{"href":"https:\/\/indeks.bilten.mk\/index.php?rest_route=\/wp\/v2\/posts"}],"about":[{"href":"https:\/\/indeks.bilten.mk\/index.php?rest_route=\/wp\/v2\/types\/post"}],"author":[{"embeddable":true,"href":"https:\/\/indeks.bilten.mk\/index.php?rest_route=\/wp\/v2\/users\/14"}],"replies":[{"embeddable":true,"href":"https:\/\/indeks.bilten.mk\/index.php?rest_route=%2Fwp%2Fv2%2Fcomments&post=15731"}],"version-history":[{"count":0,"href":"https:\/\/indeks.bilten.mk\/index.php?rest_route=\/wp\/v2\/posts\/15731\/revisions"}],"wp:featuredmedia":[{"embeddable":true,"href":"https:\/\/indeks.bilten.mk\/index.php?rest_route=\/wp\/v2\/media\/15732"}],"wp:attachment":[{"href":"https:\/\/indeks.bilten.mk\/index.php?rest_route=%2Fwp%2Fv2%2Fmedia&parent=15731"}],"wp:term":[{"taxonomy":"category","embeddable":true,"href":"https:\/\/indeks.bilten.mk\/index.php?rest_route=%2Fwp%2Fv2%2Fcategories&post=15731"},{"taxonomy":"post_tag","embeddable":true,"href":"https:\/\/indeks.bilten.mk\/index.php?rest_route=%2Fwp%2Fv2%2Ftags&post=15731"}],"curies":[{"name":"wp","href":"https:\/\/api.w.org\/{rel}","templated":true}]}}