{"id":15734,"date":"2023-09-05T10:30:47","date_gmt":"2023-09-05T08:30:47","guid":{"rendered":"https:\/\/indeks.mk\/?p=15734"},"modified":"2023-09-05T10:30:47","modified_gmt":"2023-09-05T08:30:47","slug":"26-vjet-nga-vdekja-e-nene-terezes-e-kujtojme-me-disa-nga-theniet-me-frymezuese-te-saj","status":"publish","type":"post","link":"https:\/\/indeks.bilten.mk\/?p=15734","title":{"rendered":"26-vjet nga vdekja e N\u00ebn\u00eb Terez\u00ebs, e kujtojm\u00eb me disa nga th\u00ebniet m\u00eb frym\u00ebzuese t\u00eb saj"},"content":{"rendered":"<p>M\u00eb 5 shtator t\u00eb vitit 1997 nd\u00ebrroi jet\u00eb Anjez\u00eb Gonxhe Bojaxhiu, e njohur si N\u00ebn\u00eb Tereza e Kalkut\u00ebs. Si \u00e7do vit bota p\u00ebrkujton p\u00ebrvjetorin e ndarjes nga jeta t\u00eb murgesh\u00ebs s\u00eb nderuar e njohur p\u00ebr kushtimin e jet\u00ebs s\u00eb saj dhe p\u00ebr kujdesin ndaj t\u00eb s\u00ebmur\u00ebve dhe nevojtar\u00ebve, e cila edhe sot e k\u00ebsaj dite mbetet nj\u00eb nga humanitaret m\u00eb t\u00eb nderuara n\u00eb histori p\u00ebr sh\u00ebrbimin q\u00eb ajo dhuroi.<\/p>\n<p>Anjez\u00eb Gonxhe Bojaxhiu ka lindur m\u00eb 26 gusht t\u00eb vitit 1910 n\u00eb Shkup. Betejat q\u00eb ajo zhvilloi kund\u00ebr varf\u00ebris\u00eb globale i dhan\u00eb asaj \u00c7mimin Nobel p\u00ebr Paqe n\u00eb vitin 1979. M\u00eb 13 mars 1997, N\u00ebn\u00eb Tereza dha dor\u00ebheqjen si kryetare e Misionar\u00ebve t\u00eb Bamir\u00ebsis\u00eb, ku dhe n\u00ebrroi jet\u00eb m\u00eb 5 shtator t\u00eb po k\u00ebtij viti.<\/p>\n<p>5 shtatori u caktua si Dit\u00eb Nd\u00ebrkomb\u00ebtare e Bamir\u00ebsis\u00eb nga Kombet e Bashkuara, p\u00ebr nder t\u00eb sh\u00ebrbimit t\u00eb jasht\u00ebzakonsh\u00ebm q\u00eb N\u00ebn\u00eb tereza realizoi ndaj t\u00eb varf\u00ebrve pavar\u00ebsisht nga p\u00ebrkat\u00ebsit\u00eb e tyre fetare.<\/p>\n<p>N\u00eb nj\u00eb p\u00ebrshkrim p\u00ebr veten e saj, ajo tha: &#8220;Me gjak jam shqiptare. Nga shtet\u00ebsia, indiane, me besim jam murgesh\u00eb katolike. Sa i p\u00ebrket thirrjes sime, i p\u00ebrkas bot\u00ebs. P\u00ebr sa i p\u00ebrket zemr\u00ebs, i p\u00ebrkas t\u00ebr\u00ebsisht zemr\u00ebs s\u00eb Jezusit.&#8221;<\/p>\n<p>Nd\u00ebrsa e gjith bota vazhdon q\u00eb t\u00eb festoj\u00eb jet\u00ebn dhe trashigimin\u00eb q\u00eb N\u00ebn\u00eb Tereza la pas, ne ju dhurojm\u00eb disa nga th\u00ebniet e saj m\u00eb frym\u00ebzuese dhe sfiduese:<\/p>\n<p>&#8220;N\u00ebse nuk mund t\u00eb b\u00ebsh gj\u00ebra t\u00eb m\u00ebdha me dashuri, b\u00ebj gj\u00ebra t\u00eb vogla me shum\u00eb dashuri.&#8221;<br \/>\n&#8220;N\u00ebse ju d\u00ebshironi t\u00eb ndryshoni bot\u00ebn, filloni nga ju vet\u00eb.&#8221;<br \/>\n&#8220;Jeta \u00ebsht\u00eb e shkurt\u00ebr, por dashuria \u00ebsht\u00eb p\u00ebrjet\u00ebsi.&#8221;<br \/>\n&#8220;Jeta \u00ebsht\u00eb si nj\u00eb laps. Ju mund t\u00eb shkruani nj\u00eb histori t\u00eb bukur me t\u00eb.&#8221;<br \/>\n&#8220;Dhurata m\u00eb e madhe q\u00eb mund t\u00eb jepni \u00ebsht\u00eb dashuria.&#8221;<br \/>\n&#8220;Dashuria nuk k\u00ebrkon shum\u00eb, por jep shum\u00eb.&#8221;<br \/>\n&#8220;N\u00ebse ndiheni t\u00eb vetmuar, shkoni dhe ndihmoni dik\u00eb tjet\u00ebr.&#8221;<br \/>\n\u201cDikur besoja se lutja i ndryshon gj\u00ebrat, por tani e di q\u00eb lutja na ndryshon neve dhe ne i ndryshojm\u00eb gj\u00ebrat.\u201d<br \/>\nT\u00eb jesh i pad\u00ebshiruar, i padashur, i pakujdessh\u00ebm, i harruar nga t\u00eb gjith\u00eb, mendoj se kjo \u00ebsht\u00eb nj\u00eb uri shum\u00eb m\u00eb e madhe, nj\u00eb varf\u00ebri shum\u00eb m\u00eb e madhe sesa personi q\u00eb nuk ka asgj\u00eb p\u00ebr t\u00eb ngr\u00ebn\u00eb\u201d.<br \/>\n\u201cVarf\u00ebrin\u00eb nuk e krijoi Zoti. Jemi ne q\u00eb e kemi shkaktuar at\u00eb, ju dhe un\u00eb p\u00ebrmes egoizmit ton\u00eb\u201d.<\/p>\n","protected":false},"excerpt":{"rendered":"<p>M\u00eb 5 shtator t\u00eb vitit 1997 nd\u00ebrroi jet\u00eb Anjez\u00eb Gonxhe Bojaxhiu, e njohur si N\u00ebn\u00eb Tereza e Kalkut\u00ebs. Si \u00e7do vit bota p\u00ebrkujton p\u00ebrvjetorin e<\/p>\n","protected":false},"author":14,"featured_media":15735,"comment_status":"open","ping_status":"open","sticky":false,"template":"","format":"standard","meta":{"footnotes":""},"categories":[51],"tags":[],"class_list":["post-15734","post","type-post","status-publish","format-standard","has-post-thumbnail","hentry","category-kulture"],"_links":{"self":[{"href":"https:\/\/indeks.bilten.mk\/index.php?rest_route=\/wp\/v2\/posts\/15734","targetHints":{"allow":["GET"]}}],"collection":[{"href":"https:\/\/indeks.bilten.mk\/index.php?rest_route=\/wp\/v2\/posts"}],"about":[{"href":"https:\/\/indeks.bilten.mk\/index.php?rest_route=\/wp\/v2\/types\/post"}],"author":[{"embeddable":true,"href":"https:\/\/indeks.bilten.mk\/index.php?rest_route=\/wp\/v2\/users\/14"}],"replies":[{"embeddable":true,"href":"https:\/\/indeks.bilten.mk\/index.php?rest_route=%2Fwp%2Fv2%2Fcomments&post=15734"}],"version-history":[{"count":0,"href":"https:\/\/indeks.bilten.mk\/index.php?rest_route=\/wp\/v2\/posts\/15734\/revisions"}],"wp:featuredmedia":[{"embeddable":true,"href":"https:\/\/indeks.bilten.mk\/index.php?rest_route=\/wp\/v2\/media\/15735"}],"wp:attachment":[{"href":"https:\/\/indeks.bilten.mk\/index.php?rest_route=%2Fwp%2Fv2%2Fmedia&parent=15734"}],"wp:term":[{"taxonomy":"category","embeddable":true,"href":"https:\/\/indeks.bilten.mk\/index.php?rest_route=%2Fwp%2Fv2%2Fcategories&post=15734"},{"taxonomy":"post_tag","embeddable":true,"href":"https:\/\/indeks.bilten.mk\/index.php?rest_route=%2Fwp%2Fv2%2Ftags&post=15734"}],"curies":[{"name":"wp","href":"https:\/\/api.w.org\/{rel}","templated":true}]}}