{"id":15744,"date":"2023-09-05T11:58:19","date_gmt":"2023-09-05T09:58:19","guid":{"rendered":"https:\/\/indeks.mk\/?p=15744"},"modified":"2023-09-05T11:58:19","modified_gmt":"2023-09-05T09:58:19","slug":"pamje-nga-shtepia-luksoze-e-ermal-fejzullahut","status":"publish","type":"post","link":"https:\/\/indeks.bilten.mk\/?p=15744","title":{"rendered":"Pamje nga sht\u00ebpia luksoze e Ermal Fejzullahut"},"content":{"rendered":"<p><strong>K\u00ebng\u00ebtari i njohur Ermal Fejzullahu para disa or\u00ebsh ka publikuar nj\u00eb video n\u00eb shtepin e tij.<\/strong><\/p>\n<p>Nga sht\u00ebpia luksoz\u00eb k\u00ebng\u00ebtari \u00ebsht\u00eb shprehur se \u201cNuk ka vend m\u00eb t\u00eb mir\u00eb se sht\u00ebpia\u201d, shkruan\u00a0<strong>\u201cKosovarja\u201d<\/strong>.<\/p>\n<div id=\"pa_1x1_psbk_1693907833430\"><\/div>\n<div class=\"wp-video\"><span class=\"mejs-offscreen\">Lojt\u00ebs Videosh<\/span><\/p>\n<div id=\"mep_0\" class=\"mejs-container mejs-container-keyboard-inactive wp-video-shortcode mejs-video\" tabindex=\"0\" role=\"application\" aria-label=\"Lojt\u00ebs Videosh\">\n<div class=\"mejs-inner\">\n<div class=\"mejs-mediaelement\"><video id=\"video-496060-1_html5\" class=\"wp-video-shortcode\" src=\"https:\/\/www.kosovarja-ks.com\/wp-content\/uploads\/2023\/09\/373056198_6774440195910164_1334522745533076716_n.mp4?_=1\" preload=\"metadata\" width=\"368\" height=\"640\" data-mce-fragment=\"1\"><\/video><\/div>\n<div class=\"mejs-controls\">\n<div class=\"mejs-button mejs-volume-button mejs-mute\"><\/div>\n<div class=\"mejs-button mejs-fullscreen-button\"><\/div>\n<\/div>\n<\/div>\n<\/div>\n<\/div>\n<p>Teksa b\u00ebn video shihet edhe pishina privat\u00eb e Fejzullahut.<\/p>\n<p>Kujtojm\u00eb se k\u00ebng\u00ebtari ka kat\u00ebr f\u00ebmij\u00eb ku s\u00eb bashku me Arianen shfaqen kudo t\u00eb lumtur dhe pran\u00eb njeri tjetrit.<\/p>\n<p><img loading=\"lazy\" decoding=\"async\" class=\"aligncenter size-full wp-image-496066\" src=\"https:\/\/i0.wp.com\/www.kosovarja-ks.com\/wp-content\/uploads\/2023\/09\/ermal.fejzullahu_271156190_443674567215209_5869920892182427365_n.jpg?resize=781%2C781&amp;ssl=1\" sizes=\"auto, (max-width: 781px) 100vw, 781px\" srcset=\"https:\/\/i0.wp.com\/www.kosovarja-ks.com\/wp-content\/uploads\/2023\/09\/ermal.fejzullahu_271156190_443674567215209_5869920892182427365_n.jpg?w=781&amp;ssl=1 781w, https:\/\/i0.wp.com\/www.kosovarja-ks.com\/wp-content\/uploads\/2023\/09\/ermal.fejzullahu_271156190_443674567215209_5869920892182427365_n.jpg?resize=300%2C300&amp;ssl=1 300w, https:\/\/i0.wp.com\/www.kosovarja-ks.com\/wp-content\/uploads\/2023\/09\/ermal.fejzullahu_271156190_443674567215209_5869920892182427365_n.jpg?resize=160%2C160&amp;ssl=1 160w, https:\/\/i0.wp.com\/www.kosovarja-ks.com\/wp-content\/uploads\/2023\/09\/ermal.fejzullahu_271156190_443674567215209_5869920892182427365_n.jpg?resize=768%2C768&amp;ssl=1 768w, https:\/\/i0.wp.com\/www.kosovarja-ks.com\/wp-content\/uploads\/2023\/09\/ermal.fejzullahu_271156190_443674567215209_5869920892182427365_n.jpg?resize=75%2C75&amp;ssl=1 75w, https:\/\/i0.wp.com\/www.kosovarja-ks.com\/wp-content\/uploads\/2023\/09\/ermal.fejzullahu_271156190_443674567215209_5869920892182427365_n.jpg?resize=350%2C350&amp;ssl=1 350w, https:\/\/i0.wp.com\/www.kosovarja-ks.com\/wp-content\/uploads\/2023\/09\/ermal.fejzullahu_271156190_443674567215209_5869920892182427365_n.jpg?resize=750%2C750&amp;ssl=1 750w\" alt=\"\" width=\"673\" height=\"673\" data-pin-no-hover=\"true\" \/><\/p>\n","protected":false},"excerpt":{"rendered":"<p>K\u00ebng\u00ebtari i njohur Ermal Fejzullahu para disa or\u00ebsh ka publikuar nj\u00eb video n\u00eb shtepin e tij. Nga sht\u00ebpia luksoz\u00eb k\u00ebng\u00ebtari \u00ebsht\u00eb shprehur se \u201cNuk ka<\/p>\n","protected":false},"author":14,"featured_media":15745,"comment_status":"open","ping_status":"open","sticky":false,"template":"","format":"standard","meta":{"footnotes":""},"categories":[49],"tags":[],"class_list":["post-15744","post","type-post","status-publish","format-standard","has-post-thumbnail","hentry","category-showbiz"],"_links":{"self":[{"href":"https:\/\/indeks.bilten.mk\/index.php?rest_route=\/wp\/v2\/posts\/15744","targetHints":{"allow":["GET"]}}],"collection":[{"href":"https:\/\/indeks.bilten.mk\/index.php?rest_route=\/wp\/v2\/posts"}],"about":[{"href":"https:\/\/indeks.bilten.mk\/index.php?rest_route=\/wp\/v2\/types\/post"}],"author":[{"embeddable":true,"href":"https:\/\/indeks.bilten.mk\/index.php?rest_route=\/wp\/v2\/users\/14"}],"replies":[{"embeddable":true,"href":"https:\/\/indeks.bilten.mk\/index.php?rest_route=%2Fwp%2Fv2%2Fcomments&post=15744"}],"version-history":[{"count":0,"href":"https:\/\/indeks.bilten.mk\/index.php?rest_route=\/wp\/v2\/posts\/15744\/revisions"}],"wp:featuredmedia":[{"embeddable":true,"href":"https:\/\/indeks.bilten.mk\/index.php?rest_route=\/wp\/v2\/media\/15745"}],"wp:attachment":[{"href":"https:\/\/indeks.bilten.mk\/index.php?rest_route=%2Fwp%2Fv2%2Fmedia&parent=15744"}],"wp:term":[{"taxonomy":"category","embeddable":true,"href":"https:\/\/indeks.bilten.mk\/index.php?rest_route=%2Fwp%2Fv2%2Fcategories&post=15744"},{"taxonomy":"post_tag","embeddable":true,"href":"https:\/\/indeks.bilten.mk\/index.php?rest_route=%2Fwp%2Fv2%2Ftags&post=15744"}],"curies":[{"name":"wp","href":"https:\/\/api.w.org\/{rel}","templated":true}]}}