{"id":15747,"date":"2023-09-05T12:00:44","date_gmt":"2023-09-05T10:00:44","guid":{"rendered":"https:\/\/indeks.mk\/?p=15747"},"modified":"2023-09-05T12:00:44","modified_gmt":"2023-09-05T10:00:44","slug":"thaci-nga-haga-me-serbine-duhet-te-arrihet-paqe-me-njohje-reciproke","status":"publish","type":"post","link":"https:\/\/indeks.bilten.mk\/?p=15747","title":{"rendered":"Tha\u00e7i nga Haga: Me Serbin\u00eb duhet t\u00eb arrihet paqe me njohje reciproke"},"content":{"rendered":"<h2>Ish-presidenti i Kosov\u00ebs, Hashim Tha\u00e7i, n\u00eb nj\u00eb intervist\u00eb t\u00eb dh\u00ebn\u00eb p\u00ebr Nacionalen nga Haga, ka th\u00ebn\u00eb se me Serbin\u00eb duhet t\u00eb arrihet paqe e p\u00ebrhershme, me njohje reciproke e ligj\u00ebrisht obliguese.<\/h2>\n<p>Tha\u00e7i tha se sa m\u00eb shum\u00eb vonohet kjo, aq m\u00eb e vonuar do t\u00eb jet\u00eb Kosova n\u00eb BE e NATO.<\/p>\n<p>\u201cMe Serbin\u00eb duhet t\u00eb arrihet paqe e p\u00ebrhershme, me njohje reciproke, ligj\u00ebrisht obliguese. Sa m\u00eb shum\u00eb q\u00eb vonohet kjo marr\u00ebveshje, aq m\u00eb e vonuar do t\u00eb jet\u00eb Kosova n\u00eb NATO dhe BE, e aq m\u00eb e zbeht\u00eb do t\u00eb jet\u00eb mb\u00ebshtetja e ShBA-s\u00eb .P\u00ebrvoja ime m\u00eb tregon se Brukseli e mb\u00ebshtet Kosov\u00ebn, p\u00ebr aq sa e inkurajon dhe e mban\u00eb n\u00eb v\u00ebmendje at\u00eb Uashingtoni. Aleanca me ShBA-n\u00eb duhet kultivuar p\u00ebr t\u00eb ardhmen strategjike, e jo ve\u00e7 p\u00ebr kujtes\u00eb fal\u00ebnderimi\u201d, tha Tha\u00e7i p\u00ebr Nacionalen.<\/p>\n<p>Tutje, ai tha se suksesi i Kosov\u00ebs \u00ebsht\u00eb mir\u00ebnjohja m\u00eb e madhe q\u00eb Per\u00ebndimi mund ta pranoj\u00eb dhe vler\u00ebsoj\u00eb nga Kosova.<\/p>\n<div id=\"aswift_3_host\" tabindex=\"0\" title=\"Advertisement\" aria-label=\"Advertisement\"><iframe loading=\"lazy\" id=\"aswift_3\" src=\"https:\/\/googleads.g.doubleclick.net\/pagead\/ads?client=ca-pub-3703261256414033&amp;output=html&amp;h=474&amp;slotname=4425265208&amp;adk=4178014552&amp;adf=1469529141&amp;pi=t.ma~as.4425265208&amp;w=948&amp;cr_col=4&amp;cr_row=2&amp;fwrn=2&amp;rafmt=9&amp;format=948x474&amp;url=https%3A%2F%2Flajmi.net%2F&amp;crui=image_stacked&amp;fwr=0&amp;wgl=1&amp;uach=WyJXaW5kb3dzIiwiMTAuMC4wIiwieDg2IiwiIiwiMTE2LjAuNTg0NS4xNDEiLFtdLDAsbnVsbCwiNjQiLFtbIkNocm9taXVtIiwiMTE2LjAuNTg0NS4xNDEiXSxbIk5vdClBO0JyYW5kIiwiMjQuMC4wLjAiXSxbIkdvb2dsZSBDaHJvbWUiLCIxMTYuMC41ODQ1LjE0MSJdXSwwXQ..&amp;dt=1693907981687&amp;bpp=5&amp;bdt=1892&amp;idt=5&amp;shv=r20230830&amp;mjsv=m202308290101&amp;ptt=9&amp;saldr=aa&amp;abxe=1&amp;cookie=ID%3Dbe1143461602d37a-22bf35317edd0030%3AT%3D1680591396%3ART%3D1693907960%3AS%3DALNI_MY_TYsjrvCBQOayy1cW4jPZZYcAMA&amp;gpic=UID%3D00000bd09414b4c6%3AT%3D1680591396%3ART%3D1693907960%3AS%3DALNI_Mb6gVvF9OMDzC1ut8lP41CS7hOx0A&amp;prev_fmts=0x0%2C948x200%2C948x200&amp;nras=1&amp;correlator=5837928726999&amp;frm=20&amp;pv=1&amp;ga_vid=130176814.1638796267&amp;ga_sid=1693907980&amp;ga_hid=51296687&amp;ga_fc=1&amp;u_tz=120&amp;u_his=11&amp;u_h=1080&amp;u_w=1920&amp;u_ah=1040&amp;u_aw=1920&amp;u_cd=24&amp;u_sd=1&amp;dmc=4&amp;adx=316&amp;ady=1891&amp;biw=1903&amp;bih=931&amp;scr_x=0&amp;scr_y=0&amp;eid=44759842%2C44759927%2C44759876%2C31076838%2C31077371%2C31077522%2C44801881%2C20222283%2C31067146%2C31067147%2C31067148%2C31068556&amp;oid=2&amp;pvsid=532348634964647&amp;tmod=1399049576&amp;uas=0&amp;nvt=1&amp;ref=https%3A%2F%2Flajmi.net%2Fkategoria%2Flajme%2Fpolitike%2F&amp;loc=https%3A%2F%2Flajmi.net%2Fthaci-nga-haga-me-serbine-duhet-te-arrihet-paqe-me-njohje-reciproke%2F&amp;fc=1920&amp;brdim=0%2C0%2C0%2C0%2C1920%2C0%2C1920%2C1040%2C1920%2C931&amp;vis=1&amp;rsz=%7C%7CeEbr%7C&amp;abl=CS&amp;pfx=0&amp;fu=128&amp;bc=31&amp;td=1&amp;nt=1&amp;ifi=4&amp;uci=a!4&amp;btvi=3&amp;fsb=1&amp;xpc=ipz9uUkICS&amp;p=https%3A\/\/lajmi.net&amp;dtd=13\" name=\"aswift_3\" width=\"948\" height=\"474\" frameborder=\"0\" marginwidth=\"0\" marginheight=\"0\" scrolling=\"no\" sandbox=\"allow-forms allow-popups allow-popups-to-escape-sandbox allow-same-origin allow-scripts allow-top-navigation-by-user-activation\" data-google-container-id=\"a!4\" data-load-complete=\"true\" data-mce-fragment=\"1\"><\/iframe><\/div>\n<p>&nbsp;<\/p>\n","protected":false},"excerpt":{"rendered":"<p>Ish-presidenti i Kosov\u00ebs, Hashim Tha\u00e7i, n\u00eb nj\u00eb intervist\u00eb t\u00eb dh\u00ebn\u00eb p\u00ebr Nacionalen nga Haga, ka th\u00ebn\u00eb se me Serbin\u00eb duhet t\u00eb arrihet paqe e p\u00ebrhershme,<\/p>\n","protected":false},"author":14,"featured_media":0,"comment_status":"open","ping_status":"open","sticky":false,"template":"","format":"standard","meta":{"footnotes":""},"categories":[45],"tags":[],"class_list":["post-15747","post","type-post","status-publish","format-standard","hentry","category-rajoni"],"_links":{"self":[{"href":"https:\/\/indeks.bilten.mk\/index.php?rest_route=\/wp\/v2\/posts\/15747","targetHints":{"allow":["GET"]}}],"collection":[{"href":"https:\/\/indeks.bilten.mk\/index.php?rest_route=\/wp\/v2\/posts"}],"about":[{"href":"https:\/\/indeks.bilten.mk\/index.php?rest_route=\/wp\/v2\/types\/post"}],"author":[{"embeddable":true,"href":"https:\/\/indeks.bilten.mk\/index.php?rest_route=\/wp\/v2\/users\/14"}],"replies":[{"embeddable":true,"href":"https:\/\/indeks.bilten.mk\/index.php?rest_route=%2Fwp%2Fv2%2Fcomments&post=15747"}],"version-history":[{"count":0,"href":"https:\/\/indeks.bilten.mk\/index.php?rest_route=\/wp\/v2\/posts\/15747\/revisions"}],"wp:attachment":[{"href":"https:\/\/indeks.bilten.mk\/index.php?rest_route=%2Fwp%2Fv2%2Fmedia&parent=15747"}],"wp:term":[{"taxonomy":"category","embeddable":true,"href":"https:\/\/indeks.bilten.mk\/index.php?rest_route=%2Fwp%2Fv2%2Fcategories&post=15747"},{"taxonomy":"post_tag","embeddable":true,"href":"https:\/\/indeks.bilten.mk\/index.php?rest_route=%2Fwp%2Fv2%2Ftags&post=15747"}],"curies":[{"name":"wp","href":"https:\/\/api.w.org\/{rel}","templated":true}]}}