{"id":15749,"date":"2023-09-05T12:03:22","date_gmt":"2023-09-05T10:03:22","guid":{"rendered":"https:\/\/indeks.mk\/?p=15749"},"modified":"2023-09-05T12:03:22","modified_gmt":"2023-09-05T10:03:22","slug":"veshja-e-rita-ores-shpallet-nder-veshjet-me-te-bukura-ne-gala-te-amfar","status":"publish","type":"post","link":"https:\/\/indeks.bilten.mk\/?p=15749","title":{"rendered":"Veshja e Rita Or\u00ebs shpallet nd\u00ebr veshjet m\u00eb t\u00eb bukura n\u00eb gala t\u00eb amfAR"},"content":{"rendered":"<h2>Galaja amfAR n\u00eb Festivalin e Filmit t\u00eb Venecias mblodhi shum\u00eb t\u00eb famsh\u00ebm q\u00eb dol\u00ebn dhe mb\u00ebshtet\u00ebn fondacionin. Rita Ora dhe Leona Le\u00ebis ishin zgjedhur t\u00eb performonin n\u00eb eventin q\u00eb nderoi gjithashtu Ava DuVernay.<\/h2>\n<p>T\u00eb pranish\u00ebm ishin edhe yje si Camila Mendes, Jesse Williams, Bella Thorne, Milla Jovovich, Michelle Rodriguez, Kate Beckinsale, Alejandro Nones, Luke Evans dhe shum\u00eb t\u00eb tjer\u00eb.<\/p>\n<p><img loading=\"lazy\" decoding=\"async\" class=\"alignnone size-full wp-image-103103239\" src=\"https:\/\/lajmi.net\/wp-content\/uploads\/2023\/09\/Screenshot_8-272x400-1.jpg\" sizes=\"auto, (max-width: 272px) 100vw, 272px\" srcset=\"https:\/\/lajmi.net\/wp-content\/uploads\/2023\/09\/Screenshot_8-272x400-1.jpg 272w, https:\/\/lajmi.net\/wp-content\/uploads\/2023\/09\/Screenshot_8-272x400-1-102x150.jpg 102w\" alt=\"\" width=\"272\" height=\"400\" \/><\/p>\n<p>amfAR \u00ebsht\u00eb nj\u00eb organizat\u00eb jofitimprur\u00ebse q\u00eb \u00ebsht\u00eb e p\u00ebrkushtuar p\u00ebr t\u00eb mb\u00ebshtetur k\u00ebrkimin mbi AIDS, parandalimin e HIV-it, edukimin p\u00ebr trajtimin dhe avokimin. Organizata ka investuar 635 milion\u00eb dollar\u00eb.<\/p>\n<p><img loading=\"lazy\" decoding=\"async\" class=\"alignnone size-full wp-image-103103240\" src=\"https:\/\/lajmi.net\/wp-content\/uploads\/2023\/09\/Screenshot_7-268x400-1.jpg\" sizes=\"auto, (max-width: 268px) 100vw, 268px\" srcset=\"https:\/\/lajmi.net\/wp-content\/uploads\/2023\/09\/Screenshot_7-268x400-1.jpg 268w, https:\/\/lajmi.net\/wp-content\/uploads\/2023\/09\/Screenshot_7-268x400-1-101x150.jpg 101w\" alt=\"\" width=\"268\" height=\"400\" \/><\/p>\n<div class=\"code-block code-block-2\"><ins class=\"adsbygoogle\" data-ad-layout=\"in-article\" data-ad-format=\"fluid\" data-page-url=\"https:\/\/lajmi.tv\/\" data-ad-client=\"ca-pub-3703261256414033\" data-ad-slot=\"5901998405\" data-adsbygoogle-status=\"done\" data-ad-status=\"unfilled\"><\/p>\n<div id=\"aswift_2_host\" tabindex=\"0\" title=\"Advertisement\" aria-label=\"Advertisement\"><iframe loading=\"lazy\" id=\"aswift_2\" src=\"https:\/\/googleads.g.doubleclick.net\/pagead\/ads?client=ca-pub-3703261256414033&amp;output=html&amp;h=200&amp;slotname=5901998405&amp;adk=1160292075&amp;adf=2528474489&amp;pi=t.ma~as.5901998405&amp;w=948&amp;fwrn=4&amp;rafmt=11&amp;format=948x200&amp;url=https%3A%2F%2Flajmi.tv%2F&amp;wgl=1&amp;uach=WyJXaW5kb3dzIiwiMTAuMC4wIiwieDg2IiwiIiwiMTE2LjAuNTg0NS4xNDEiLFtdLDAsbnVsbCwiNjQiLFtbIkNocm9taXVtIiwiMTE2LjAuNTg0NS4xNDEiXSxbIk5vdClBO0JyYW5kIiwiMjQuMC4wLjAiXSxbIkdvb2dsZSBDaHJvbWUiLCIxMTYuMC41ODQ1LjE0MSJdXSwwXQ..&amp;dt=1693908138785&amp;bpp=1&amp;bdt=949&amp;idt=594&amp;shv=r20230830&amp;mjsv=m202308290101&amp;ptt=9&amp;saldr=aa&amp;abxe=1&amp;cookie=ID%3Dbe1143461602d37a-22bf35317edd0030%3AT%3D1680591396%3ART%3D1693907960%3AS%3DALNI_MY_TYsjrvCBQOayy1cW4jPZZYcAMA&amp;gpic=UID%3D00000bd09414b4c6%3AT%3D1680591396%3ART%3D1693907960%3AS%3DALNI_Mb6gVvF9OMDzC1ut8lP41CS7hOx0A&amp;prev_fmts=0x0%2C948x200&amp;nras=1&amp;correlator=1732437839749&amp;frm=20&amp;pv=1&amp;ga_vid=130176814.1638796267&amp;ga_sid=1693908139&amp;ga_hid=1607289807&amp;ga_fc=1&amp;rplot=4&amp;u_tz=120&amp;u_his=1&amp;u_h=1080&amp;u_w=1920&amp;u_ah=1040&amp;u_aw=1920&amp;u_cd=24&amp;u_sd=1&amp;dmc=4&amp;adx=316&amp;ady=2326&amp;biw=1903&amp;bih=931&amp;scr_x=0&amp;scr_y=0&amp;eid=44759842%2C44759927%2C44759876%2C31077329%2C31077524%2C44801881%2C31067146%2C31067147%2C31067148%2C31068556&amp;oid=2&amp;pvsid=1152318149763144&amp;tmod=1399049576&amp;uas=0&amp;nvt=1&amp;ref=https%3A%2F%2Flajmi.net%2Fkategoria%2Fshowbiz%2F&amp;loc=https%3A%2F%2Flajmi.net%2Fveshja-e-rita-ores-shpallet-nder-veshjet-me-te-bukura-ne-gala-te-amfar%2F&amp;fc=1920&amp;brdim=0%2C0%2C0%2C0%2C1920%2C0%2C1920%2C1040%2C1920%2C931&amp;vis=1&amp;rsz=%7C%7CeEbr%7C&amp;abl=CS&amp;pfx=0&amp;fu=128&amp;bc=31&amp;td=1&amp;nt=1&amp;ifi=3&amp;uci=a!3&amp;btvi=2&amp;fsb=1&amp;xpc=fweBdTeQru&amp;p=https%3A\/\/lajmi.net&amp;dtd=605\" name=\"aswift_2\" width=\"948\" height=\"0\" frameborder=\"0\" marginwidth=\"0\" marginheight=\"0\" scrolling=\"no\" sandbox=\"allow-forms allow-popups allow-popups-to-escape-sandbox allow-same-origin allow-scripts allow-top-navigation-by-user-activation\" data-google-container-id=\"a!3\" data-google-query-id=\"CP_n-8abk4EDFVX_5wMd4i0J2A\" data-load-complete=\"true\" data-mce-fragment=\"1\"><\/iframe><\/div>\n<p><\/ins><\/div>\n<p>Rita Ora vodhi v\u00ebmendjen me paraqitjen e saj dhe mediat e huaja e kan\u00eb cil\u00ebsuar si nj\u00eb nd\u00ebr t\u00eb veshurat m\u00eb bukur.<\/p>\n","protected":false},"excerpt":{"rendered":"<p>Galaja amfAR n\u00eb Festivalin e Filmit t\u00eb Venecias mblodhi shum\u00eb t\u00eb famsh\u00ebm q\u00eb dol\u00ebn dhe mb\u00ebshtet\u00ebn fondacionin. Rita Ora dhe Leona Le\u00ebis ishin zgjedhur t\u00eb<\/p>\n","protected":false},"author":14,"featured_media":0,"comment_status":"open","ping_status":"open","sticky":false,"template":"","format":"standard","meta":{"footnotes":""},"categories":[49],"tags":[],"class_list":["post-15749","post","type-post","status-publish","format-standard","hentry","category-showbiz"],"_links":{"self":[{"href":"https:\/\/indeks.bilten.mk\/index.php?rest_route=\/wp\/v2\/posts\/15749","targetHints":{"allow":["GET"]}}],"collection":[{"href":"https:\/\/indeks.bilten.mk\/index.php?rest_route=\/wp\/v2\/posts"}],"about":[{"href":"https:\/\/indeks.bilten.mk\/index.php?rest_route=\/wp\/v2\/types\/post"}],"author":[{"embeddable":true,"href":"https:\/\/indeks.bilten.mk\/index.php?rest_route=\/wp\/v2\/users\/14"}],"replies":[{"embeddable":true,"href":"https:\/\/indeks.bilten.mk\/index.php?rest_route=%2Fwp%2Fv2%2Fcomments&post=15749"}],"version-history":[{"count":0,"href":"https:\/\/indeks.bilten.mk\/index.php?rest_route=\/wp\/v2\/posts\/15749\/revisions"}],"wp:attachment":[{"href":"https:\/\/indeks.bilten.mk\/index.php?rest_route=%2Fwp%2Fv2%2Fmedia&parent=15749"}],"wp:term":[{"taxonomy":"category","embeddable":true,"href":"https:\/\/indeks.bilten.mk\/index.php?rest_route=%2Fwp%2Fv2%2Fcategories&post=15749"},{"taxonomy":"post_tag","embeddable":true,"href":"https:\/\/indeks.bilten.mk\/index.php?rest_route=%2Fwp%2Fv2%2Ftags&post=15749"}],"curies":[{"name":"wp","href":"https:\/\/api.w.org\/{rel}","templated":true}]}}