{"id":15755,"date":"2023-09-05T12:41:22","date_gmt":"2023-09-05T10:41:22","guid":{"rendered":"https:\/\/indeks.mk\/?p=15755"},"modified":"2023-09-05T12:41:22","modified_gmt":"2023-09-05T10:41:22","slug":"shaqiri-ndan-lajmin-e-madh-ceshtja-e-velesit-u-zgjidh","status":"publish","type":"post","link":"https:\/\/indeks.bilten.mk\/?p=15755","title":{"rendered":"Shaqiri ndan lajmin e madh: \u00c7\u00ebshtja e Velesit u zgjidh"},"content":{"rendered":"<p>Ministri i Arsimit dhe Shkenc\u00ebs, Jeton Shaqiri ka shp\u00ebrndar\u00eb nj\u00eb njoftim tejet t\u00eb r\u00ebnd\u00ebsish\u00ebm n\u00eb rrjetet sociale lidhur me nx\u00ebn\u00ebsit e Velesit.<\/p>\n<p>N\u00eb njoftimin e tij, Shaqiri ka njoftuar se problemi me nx\u00ebn\u00ebsit shqiptar n\u00eb k\u00ebt\u00eb vend \u00ebsht\u00eb zgjidhur dhe se m\u00ebsimi n\u00eb gjuh\u00ebn amtare \u00ebsht\u00eb e drejt\u00eb kushtetuese t\u00eb cil\u00ebn askush nuk mund ta mohoj.<\/p>\n<p>\u201cN\u00ebse \u00ebsht\u00eb faj q\u00eb Ministria e Arsimit dhe Shkenc\u00ebs po i mund\u00ebson secilit m\u00ebsim n\u00eb gjuh\u00ebn amtare, me pun\u00eb intensive secilit nx\u00ebn\u00ebs po i nd\u00ebrton shkoll\u00eb n\u00eb lagjen ku jeton at\u00ebher\u00eb, un\u00eb dhe kabineti im jemi fajtor. Ju njoftoj se Inspektorati Shtet\u00ebror i Arsimit \u00ebsht\u00eb n\u00eb teren dhe dy paralelet n\u00eb SHMK &#8220;Ko\u00e7o Racin&#8221; n\u00eb Veles, q\u00eb i pengojn\u00eb dikujt do t\u00eb vazhdojn\u00eb t\u00eb funksionojn\u00eb. Apeloj deri te t\u00eb gjith\u00eb q\u00eb kan\u00eb z\u00ebrin e arsyes, t\u00eb mos keqp\u00ebrdorin \u00e7\u00ebshtjet arsimore p\u00ebr q\u00ebllimet e tyre politike\u201d, ka shkruar Shaqiri duke pyetur se, pse duhet t\u00eb na pengoj\u00eb hapja e paraleleve ku do t\u00eb fitohet dituri?<\/p>\n","protected":false},"excerpt":{"rendered":"<p>Ministri i Arsimit dhe Shkenc\u00ebs, Jeton Shaqiri ka shp\u00ebrndar\u00eb nj\u00eb njoftim tejet t\u00eb r\u00ebnd\u00ebsish\u00ebm n\u00eb rrjetet sociale lidhur me nx\u00ebn\u00ebsit e Velesit. N\u00eb njoftimin e<\/p>\n","protected":false},"author":14,"featured_media":15756,"comment_status":"open","ping_status":"open","sticky":false,"template":"","format":"standard","meta":{"footnotes":""},"categories":[44],"tags":[],"class_list":["post-15755","post","type-post","status-publish","format-standard","has-post-thumbnail","hentry","category-maqedoni"],"_links":{"self":[{"href":"https:\/\/indeks.bilten.mk\/index.php?rest_route=\/wp\/v2\/posts\/15755","targetHints":{"allow":["GET"]}}],"collection":[{"href":"https:\/\/indeks.bilten.mk\/index.php?rest_route=\/wp\/v2\/posts"}],"about":[{"href":"https:\/\/indeks.bilten.mk\/index.php?rest_route=\/wp\/v2\/types\/post"}],"author":[{"embeddable":true,"href":"https:\/\/indeks.bilten.mk\/index.php?rest_route=\/wp\/v2\/users\/14"}],"replies":[{"embeddable":true,"href":"https:\/\/indeks.bilten.mk\/index.php?rest_route=%2Fwp%2Fv2%2Fcomments&post=15755"}],"version-history":[{"count":0,"href":"https:\/\/indeks.bilten.mk\/index.php?rest_route=\/wp\/v2\/posts\/15755\/revisions"}],"wp:featuredmedia":[{"embeddable":true,"href":"https:\/\/indeks.bilten.mk\/index.php?rest_route=\/wp\/v2\/media\/15756"}],"wp:attachment":[{"href":"https:\/\/indeks.bilten.mk\/index.php?rest_route=%2Fwp%2Fv2%2Fmedia&parent=15755"}],"wp:term":[{"taxonomy":"category","embeddable":true,"href":"https:\/\/indeks.bilten.mk\/index.php?rest_route=%2Fwp%2Fv2%2Fcategories&post=15755"},{"taxonomy":"post_tag","embeddable":true,"href":"https:\/\/indeks.bilten.mk\/index.php?rest_route=%2Fwp%2Fv2%2Ftags&post=15755"}],"curies":[{"name":"wp","href":"https:\/\/api.w.org\/{rel}","templated":true}]}}