{"id":15760,"date":"2023-09-05T13:09:46","date_gmt":"2023-09-05T11:09:46","guid":{"rendered":"https:\/\/indeks.mk\/?p=15760"},"modified":"2023-09-05T13:09:46","modified_gmt":"2023-09-05T11:09:46","slug":"djalit-tim-i-mungon-babai-rrefimi-prekes-i-zonjes-zelensky","status":"publish","type":"post","link":"https:\/\/indeks.bilten.mk\/?p=15760","title":{"rendered":"\u201cDjalit tim i mungon babai\u201d, rr\u00ebfimi prek\u00ebs i zonj\u00ebs Zelensky"},"content":{"rendered":"<p>Zonja e par\u00eb e Ukrain\u00ebs, Olena Zelenska, b\u00ebri nj\u00eb rr\u00ebfim emocional p\u00ebr BBC p\u00ebr ndikimin q\u00eb ka pasur n\u00eb familjen e saj lufta e pashkak e nisur nga Rusia.<\/p>\n<p>N\u00eb nj\u00eb intervist\u00eb shum\u00eb personale, ajo u shpreh ishte e v\u00ebshtir\u00eb t\u00eb shihte f\u00ebmij\u00ebt e saj t\u00eb jetonin n\u00eb pasiguri, t\u00eb paaft\u00eb p\u00ebr t\u00eb planifikuar t\u00eb ardhmen e tyre.<\/p>\n<p>\u201cKjo mund t\u00eb jet\u00eb pak egoiste, por un\u00eb kam nevoj\u00eb p\u00ebr bashk\u00ebshortin tim pran\u00eb meje\u201d, tha ajo.<\/p>\n<p>Kur Rusia nisi t\u00eb ashtuquajturin \u201coperacion special\u201d n\u00eb Ukrain\u00eb n\u00eb shkurt t\u00eb vitit 2022, Olena Zelenska kaloi muaj t\u00eb t\u00ebr\u00eb duke u fshehur n\u00eb vende sekrete me f\u00ebmij\u00ebt e saj.<\/p>\n<p>Ajo e p\u00ebrshkroi gjendjen e saj emocionale n\u00eb fillim t\u00eb pushtimit si \u201cnj\u00eb ndjenj\u00eb konstante adrenaline\u201d, teksa me kalimin e koh\u00ebs e kuptoi se ishte e nevojshme t\u00eb qet\u00ebsohej dhe t\u00eb fillonte t\u00eb jetonte sipas kushteve t\u00eb krijuara.<\/p>\n<p>\u201cMe burrin nuk jetojm\u00eb bashk\u00eb, familja \u00ebsht\u00eb e ndar\u00eb. Ne kemi mund\u00ebsin\u00eb ta shohim nj\u00ebri-tjetrin, por jo aq shpesh sa do t\u00eb donim. Djalit tim i mungon babai. Por ne q\u00ebndrojm\u00eb t\u00eb fort\u00eb, kemi forc\u00eb si emocionalisht ashtu edhe fizikisht. Dhe jam e sigurt se do ta p\u00ebrballojm\u00eb s\u00eb bashku\u201d, rr\u00ebfen Olena.<\/p>\n<p>Zonja e Par\u00eb dhe presidenti i Ukrain\u00ebs, Volodymyr Zelensky, jan\u00eb dashuruar q\u00eb n\u00eb shkoll\u00eb t\u00eb mesme dhe q\u00eb nga ajo koh\u00eb vazhduan t\u00eb punojn\u00eb s\u00eb bashku n\u00eb nj\u00eb trup\u00eb humori dhe studio televizive, ai si aktor dhe ajo si skenariste.<\/p>\n<p>Tani, ajo reflekton se nuk e kishte \u00ebnd\u00ebrruar kurr\u00eb q\u00eb bashk\u00ebshorti i saj t\u00eb b\u00ebhej \u201cfigura historike\u201d q\u00eb \u00ebsht\u00eb sot, duke th\u00ebn\u00eb se e kishte marr\u00eb malli dhe kishte nevoj\u00eb q\u00eb ai t\u00eb q\u00ebndronte n\u00eb krah si bashk\u00ebshort.<\/p>\n<p>\u201cUn\u00eb besoj n\u00eb t\u00eb. Dhe e mb\u00ebshtes. E di q\u00eb ka forc\u00eb t\u00eb mjaftueshme. P\u00ebr \u00e7do person tjet\u00ebr q\u00eb njoh, mendoj se do t\u00eb ishte shum\u00eb m\u00eb e v\u00ebshtir\u00eb kjo situat\u00eb. Ai me t\u00eb v\u00ebrtet\u00eb \u00ebsht\u00eb nj\u00eb person shum\u00eb i fort\u00eb dhe elastik. Dhe ky elasticitet \u00ebsht\u00eb ai q\u00eb ne t\u00eb gjith\u00eb kemi nevoj\u00eb p\u00ebr momentin\u201d, tregon Zonja e Par\u00eb. \/A2CNN<\/p>\n","protected":false},"excerpt":{"rendered":"<p>Zonja e par\u00eb e Ukrain\u00ebs, Olena Zelenska, b\u00ebri nj\u00eb rr\u00ebfim emocional p\u00ebr BBC p\u00ebr ndikimin q\u00eb ka pasur n\u00eb familjen e saj lufta e pashkak<\/p>\n","protected":false},"author":14,"featured_media":15761,"comment_status":"open","ping_status":"open","sticky":false,"template":"","format":"standard","meta":{"footnotes":""},"categories":[46],"tags":[],"class_list":["post-15760","post","type-post","status-publish","format-standard","has-post-thumbnail","hentry","category-bota"],"_links":{"self":[{"href":"https:\/\/indeks.bilten.mk\/index.php?rest_route=\/wp\/v2\/posts\/15760","targetHints":{"allow":["GET"]}}],"collection":[{"href":"https:\/\/indeks.bilten.mk\/index.php?rest_route=\/wp\/v2\/posts"}],"about":[{"href":"https:\/\/indeks.bilten.mk\/index.php?rest_route=\/wp\/v2\/types\/post"}],"author":[{"embeddable":true,"href":"https:\/\/indeks.bilten.mk\/index.php?rest_route=\/wp\/v2\/users\/14"}],"replies":[{"embeddable":true,"href":"https:\/\/indeks.bilten.mk\/index.php?rest_route=%2Fwp%2Fv2%2Fcomments&post=15760"}],"version-history":[{"count":0,"href":"https:\/\/indeks.bilten.mk\/index.php?rest_route=\/wp\/v2\/posts\/15760\/revisions"}],"wp:featuredmedia":[{"embeddable":true,"href":"https:\/\/indeks.bilten.mk\/index.php?rest_route=\/wp\/v2\/media\/15761"}],"wp:attachment":[{"href":"https:\/\/indeks.bilten.mk\/index.php?rest_route=%2Fwp%2Fv2%2Fmedia&parent=15760"}],"wp:term":[{"taxonomy":"category","embeddable":true,"href":"https:\/\/indeks.bilten.mk\/index.php?rest_route=%2Fwp%2Fv2%2Fcategories&post=15760"},{"taxonomy":"post_tag","embeddable":true,"href":"https:\/\/indeks.bilten.mk\/index.php?rest_route=%2Fwp%2Fv2%2Ftags&post=15760"}],"curies":[{"name":"wp","href":"https:\/\/api.w.org\/{rel}","templated":true}]}}