{"id":15769,"date":"2023-09-05T14:11:02","date_gmt":"2023-09-05T12:11:02","guid":{"rendered":"https:\/\/indeks.mk\/?p=15769"},"modified":"2023-09-05T14:11:02","modified_gmt":"2023-09-05T12:11:02","slug":"djalli-vritet-me-kacavide-burri-nga-mati-paguan-kosovarin-per-ti-hequr-magjine-gruas-se-tij","status":"publish","type":"post","link":"https:\/\/indeks.bilten.mk\/?p=15769","title":{"rendered":"Djalli \u201cvritet\u201d me ka\u00e7avid\u00eb: Burri nga Mati paguan kosovarin p\u00ebr t\u2019i hequr magjin\u00eb gruas s\u00eb tij"},"content":{"rendered":"<p>Nj\u00eb rast i pazakont\u00eb ka ndodhur n\u00eb Mat ku nj\u00eb 48-vje\u00e7ar ka ushtruar dhun\u00eb fizike dhe psikologjike n\u00eb m\u00ebnyr\u00eb t\u00eb p\u00ebrs\u00ebritur ndaj bashk\u00ebjetueses s\u00eb tij, por historia nuk mbaron me kaq.<\/p>\n<p>48-vje\u00e7ari, p\u00ebr t\u00eb justifikuar dhun\u00ebn ndaj bashk\u00ebjetueses, kishte paguar nj\u00eb person nga Kosova, p\u00ebr ta sh\u00ebruar, pasi pretendonte se gruas s\u00eb tij i kishin b\u00ebr\u00eb magji.<\/p>\n<p>Por sikurse duket n\u00eb pamjet e sjella nga policia e Matit, personi q\u00eb supozohet se i heq asaj magjin\u00eb, e godet at\u00eb me ka\u00e7avid\u00eb n\u00eb disa pjes\u00eb t\u00eb trupit.<\/p>\n<p>36-vje\u00e7ari, i cili vinte nga Kosova n\u00eb banes\u00ebn e 48-vje\u00e7arit,\u00a0 p\u00ebr t\u00eb \u201csh\u00ebruar\u201d 33- vje\u00e7aren po ndiqet penalisht p\u00ebr mashtrim.<\/p>\n<p>Nd\u00ebrsa, D. B., 48 vje\u00e7, banues n\u00eb Burrel, ( i d\u00ebnuar m\u00eb par\u00eb p\u00ebr kanosje dhe kund\u00ebrshtim me dhun\u00eb i punonj\u00ebsit t\u00eb policis\u00eb) \u00ebsht\u00eb arrestuar n\u00eb kushtet e flagranc\u00ebs.<\/p>\n<p>Gjat\u00eb kontrollit n\u00eb banes\u00ebn e 48-vje\u00e7arit u gjet\u00ebn dhe u sekuestruan 380 cop\u00eb fishek\u00eb luftarak.<\/p>\n<p>33-vje\u00e7arja, si pasoj\u00eb e dhun\u00ebs \u00ebsht\u00eb d\u00ebrguar nga familjar\u00ebt e saj p\u00ebr trajtim mjek\u00ebsor dhe n\u00eb spitalin psikiatrik, Tiran\u00eb.<\/p>\n<p>Materialet i kaluan Prokuroris\u00eb pran\u00eb Gjykat\u00ebs s\u00eb Shkall\u00ebs s\u00eb Par\u00eb t\u00eb Juridiksionit t\u00eb P\u00ebrgjithsh\u00ebm Dib\u00ebr, p\u00ebr veprime t\u00eb m\u00ebtejshme procedurale.<\/p>\n","protected":false},"excerpt":{"rendered":"<p>Nj\u00eb rast i pazakont\u00eb ka ndodhur n\u00eb Mat ku nj\u00eb 48-vje\u00e7ar ka ushtruar dhun\u00eb fizike dhe psikologjike n\u00eb m\u00ebnyr\u00eb t\u00eb p\u00ebrs\u00ebritur ndaj bashk\u00ebjetueses s\u00eb tij,<\/p>\n","protected":false},"author":14,"featured_media":15770,"comment_status":"open","ping_status":"open","sticky":false,"template":"","format":"standard","meta":{"footnotes":""},"categories":[45],"tags":[],"class_list":["post-15769","post","type-post","status-publish","format-standard","has-post-thumbnail","hentry","category-rajoni"],"_links":{"self":[{"href":"https:\/\/indeks.bilten.mk\/index.php?rest_route=\/wp\/v2\/posts\/15769","targetHints":{"allow":["GET"]}}],"collection":[{"href":"https:\/\/indeks.bilten.mk\/index.php?rest_route=\/wp\/v2\/posts"}],"about":[{"href":"https:\/\/indeks.bilten.mk\/index.php?rest_route=\/wp\/v2\/types\/post"}],"author":[{"embeddable":true,"href":"https:\/\/indeks.bilten.mk\/index.php?rest_route=\/wp\/v2\/users\/14"}],"replies":[{"embeddable":true,"href":"https:\/\/indeks.bilten.mk\/index.php?rest_route=%2Fwp%2Fv2%2Fcomments&post=15769"}],"version-history":[{"count":0,"href":"https:\/\/indeks.bilten.mk\/index.php?rest_route=\/wp\/v2\/posts\/15769\/revisions"}],"wp:featuredmedia":[{"embeddable":true,"href":"https:\/\/indeks.bilten.mk\/index.php?rest_route=\/wp\/v2\/media\/15770"}],"wp:attachment":[{"href":"https:\/\/indeks.bilten.mk\/index.php?rest_route=%2Fwp%2Fv2%2Fmedia&parent=15769"}],"wp:term":[{"taxonomy":"category","embeddable":true,"href":"https:\/\/indeks.bilten.mk\/index.php?rest_route=%2Fwp%2Fv2%2Fcategories&post=15769"},{"taxonomy":"post_tag","embeddable":true,"href":"https:\/\/indeks.bilten.mk\/index.php?rest_route=%2Fwp%2Fv2%2Ftags&post=15769"}],"curies":[{"name":"wp","href":"https:\/\/api.w.org\/{rel}","templated":true}]}}