{"id":15775,"date":"2023-09-05T14:36:43","date_gmt":"2023-09-05T12:36:43","guid":{"rendered":"https:\/\/indeks.mk\/?p=15775"},"modified":"2023-09-05T14:36:43","modified_gmt":"2023-09-05T12:36:43","slug":"zyrtare-inzaghi-rinovon-me-interin","status":"publish","type":"post","link":"https:\/\/indeks.bilten.mk\/?p=15775","title":{"rendered":"Zyrtare: Inzaghi rinovon me Interin"},"content":{"rendered":"<p><strong>Interi ka konfirmuar vazhdimin e kontrat\u00ebs s\u00eb Simone Inzaghit deri n\u00eb qershor 2025.<\/strong><\/p>\n<div class=\"code-block code-block-43 code-block-pas-paragrafit-2t-inarticle\">\n<div>\n<div id=\"ad-id-\/22646657118\/in-article_box_1-9252490331155065\" data-ad-unit-id=\"\/22646657118\/In-article_box_1\">Nerazzurr\u00ebt l\u00ebshuan nj\u00eb deklarat\u00eb zyrtare t\u00eb mart\u00ebn n\u00eb m\u00ebngjes.<\/div>\n<\/div>\n<\/div>\n<p>\u201cFC Internazionale Milano \u00ebsht\u00eb i k\u00ebnaqur t\u00eb njoftoj\u00eb se Simone Inzaghi ka n\u00ebnshkruar nj\u00eb kontrat\u00eb t\u00eb re me klubin p\u00ebr t\u00eb q\u00ebndruar si trajner deri n\u00eb vitin 2025\u201d, than\u00eb gjigant\u00ebt e Serie A.<\/p>\n<p>Taktikani italian u em\u00ebrua n\u00eb vitin 2021 duke z\u00ebvend\u00ebsuar Antonio Conten.<\/p>\n<p>Ai ka fituar kat\u00ebr tituj gjat\u00eb q\u00ebndrimit t\u00eb tij dyvje\u00e7ar n\u00eb Stadio Meazza, dy Kupa t\u00eb Italis\u00eb dhe dy Superkupa t\u00eb Italis\u00eb. Kontrata e tij ishte caktuar t\u00eb skadonte n\u00eb qershor 2024, por Interi tani ka arritur nj\u00eb marr\u00ebveshje p\u00ebr t\u00eb zgjatur q\u00ebndrimin e tij edhe p\u00ebr nj\u00eb sezon, deri n\u00eb fund t\u00eb sezonit 2024-25.<\/p>\n<div class=\"ai-viewport-1\" data-insertion-position=\"prepend\" data-selector=\".ai-insert-1-93843753\" data-insertion-no-dbg=\"\" data-code=\"PGRpdiBjbGFzcz0nY29kZS1ibG9jayBjb2RlLWJsb2NrLTEgY29kZS1ibG9jay1pbmFydGljbGUtZGVza3RvcCcgc3R5bGU9J21hcmdpbjogOHB4IGF1dG87IHRleHQtYWxpZ246IGNlbnRlcjsgZGlzcGxheTogYmxvY2s7IGNsZWFyOiBib3RoOyB3aWR0aDogMzAwcHg7IGhlaWdodDogNDIwcHg7IGJhY2tncm91bmQtY29sb3I6ICNmZmZmZmY7Jz4KPGRpdiBzdHlsZT0icG9zaXRpb246IHN0aWNreTsgdG9wOiAxNXB4OyI+CjxkaXYgY2xhc3M9ImNvZGUtYmxvY2stbGFiZWwiPlJla2xhbWE8L2Rpdj4KPGRpdiBkYXRhLWFkLXVuaXQtaWQ9Ii8yMjY0NjY1NzExOC9Jbi1hcnRpY2xlX2JveF8yIj48L2Rpdj4KPC9kaXY+CjxkaXYgc3R5bGU9IiBoZWlnaHQ6IDM5MHB4OyI+PC9kaXY+CjwvZGl2Pgo=\" data-block=\"1\">\n<div class=\"code-block code-block-1 code-block-inarticle-desktop\">\n<div>\n<div class=\"code-block-label\">Inzaghi ka fituar 72 nga 112 ndeshjet e tij n\u00eb krye t\u00eb Nerazzurr\u00ebve, duke par\u00eb ekipin e tij t\u00eb sh\u00ebnoj\u00eb 215 gola dhe t\u00eb pranoj\u00eb 100.<\/div>\n<\/div>\n<\/div>\n<\/div>\n<p>Ai udh\u00ebhoqi Nerazzurr\u00ebt n\u00eb finalen e tyre t\u00eb par\u00eb t\u00eb Lig\u00ebs s\u00eb Kampion\u00ebve n\u00eb 13 vjet sezonin e kaluar, por humbi nga Manchester City i Pep Guardiol\u00ebs n\u00eb Stamboll.<\/p>\n<p>Interi ka fituar tre ndeshjet e para t\u00eb Seris\u00eb A k\u00ebt\u00eb sezon dhe \u00ebsht\u00eb klubi i vet\u00ebm n\u00eb lig\u00eb pa asnj\u00eb gol t\u00eb p\u00ebsuar deri m\u00eb tani n\u00eb 2023-24. \/<em><strong>Telegrafi<\/strong><\/em>\/<\/p>\n<div class=\"twitter-tweet twitter-tweet-rendered\"><iframe id=\"twitter-widget-0\" class=\"\" title=\"Twitter Tweet\" src=\"https:\/\/platform.twitter.com\/embed\/Tweet.html?creatorScreenName=Telegrafisti&amp;dnt=true&amp;embedId=twitter-widget-0&amp;features=eyJ0ZndfdGltZWxpbmVfbGlzdCI6eyJidWNrZXQiOltdLCJ2ZXJzaW9uIjpudWxsfSwidGZ3X2ZvbGxvd2VyX2NvdW50X3N1bnNldCI6eyJidWNrZXQiOnRydWUsInZlcnNpb24iOm51bGx9LCJ0ZndfdHdlZXRfZWRpdF9iYWNrZW5kIjp7ImJ1Y2tldCI6Im9uIiwidmVyc2lvbiI6bnVsbH0sInRmd19yZWZzcmNfc2Vzc2lvbiI6eyJidWNrZXQiOiJvbiIsInZlcnNpb24iOm51bGx9LCJ0ZndfZm9zbnJfc29mdF9pbnRlcnZlbnRpb25zX2VuYWJsZWQiOnsiYnVja2V0Ijoib24iLCJ2ZXJzaW9uIjpudWxsfSwidGZ3X21peGVkX21lZGlhXzE1ODk3Ijp7ImJ1Y2tldCI6InRyZWF0bWVudCIsInZlcnNpb24iOm51bGx9LCJ0ZndfZXhwZXJpbWVudHNfY29va2llX2V4cGlyYXRpb24iOnsiYnVja2V0IjoxMjA5NjAwLCJ2ZXJzaW9uIjpudWxsfSwidGZ3X3Nob3dfYmlyZHdhdGNoX3Bpdm90c19lbmFibGVkIjp7ImJ1Y2tldCI6Im9uIiwidmVyc2lvbiI6bnVsbH0sInRmd19kdXBsaWNhdGVfc2NyaWJlc190b19zZXR0aW5ncyI6eyJidWNrZXQiOiJvbiIsInZlcnNpb24iOm51bGx9LCJ0ZndfdXNlX3Byb2ZpbGVfaW1hZ2Vfc2hhcGVfZW5hYmxlZCI6eyJidWNrZXQiOiJvbiIsInZlcnNpb24iOm51bGx9LCJ0ZndfdmlkZW9faGxzX2R5bmFtaWNfbWFuaWZlc3RzXzE1MDgyIjp7ImJ1Y2tldCI6InRydWVfYml0cmF0ZSIsInZlcnNpb24iOm51bGx9LCJ0ZndfbGVnYWN5X3RpbWVsaW5lX3N1bnNldCI6eyJidWNrZXQiOnRydWUsInZlcnNpb24iOm51bGx9LCJ0ZndfdHdlZXRfZWRpdF9mcm9udGVuZCI6eyJidWNrZXQiOiJvbiIsInZlcnNpb24iOm51bGx9fQ%3D%3D&amp;frame=false&amp;hideCard=false&amp;hideThread=false&amp;id=1698999678543532274&amp;lang=en&amp;origin=https%3A%2F%2Ftelegrafi.com%2Fzyrtare-inzaghi-rinovon-interin%2F&amp;sessionId=3291eeb06670583a520a3c2e2f161394d90aef66&amp;siteScreenName=Telegrafisti&amp;theme=light&amp;widgetsVersion=aaf4084522e3a%3A1674595607486&amp;width=500px\" frameborder=\"0\" scrolling=\"no\" allowfullscreen=\"allowfullscreen\" data-mce-fragment=\"1\"><\/iframe><\/div>\n<blockquote class=\"twitter-tweet\" data-width=\"500\" data-dnt=\"true\" data-twitter-extracted-i1693917298361806236=\"true\">\n<p dir=\"ltr\" lang=\"qme\">2\ufe0f\u20e30\ufe0f\u20e32\ufe0f\u20e35\ufe0f\u20e3\u270d\ufe0f\ud83d\udda4\ud83d\udc99<\/p>\n<p>\ud83d\udc49\u00a0<a href=\"https:\/\/t.co\/zrRtGOQxdd\">https:\/\/t.co\/zrRtGOQxdd<\/a><a href=\"https:\/\/twitter.com\/hashtag\/ForzaInter?src=hash&amp;ref_src=twsrc%5Etfw\">#ForzaInter<\/a>\u00a0<a href=\"https:\/\/twitter.com\/hashtag\/Inzaghi2025?src=hash&amp;ref_src=twsrc%5Etfw\">#Inzaghi2025<\/a>\u00a0<a href=\"https:\/\/t.co\/J9UsgL1UYh\">pic.twitter.com\/J9UsgL1UYh<\/a><\/p>\n<p>\u2014 Inter (@Inter)\u00a0<a href=\"https:\/\/twitter.com\/Inter\/status\/1698999678543532274?ref_src=twsrc%5Etfw\">September 5, 2023<\/a><\/p><\/blockquote>\n<p>&nbsp;<\/p>\n<div class=\"code-block code-block-46 code-block-instream-fundposti\"><\/div>\n","protected":false},"excerpt":{"rendered":"<p>Interi ka konfirmuar vazhdimin e kontrat\u00ebs s\u00eb Simone Inzaghit deri n\u00eb qershor 2025. Nerazzurr\u00ebt l\u00ebshuan nj\u00eb deklarat\u00eb zyrtare t\u00eb mart\u00ebn n\u00eb m\u00ebngjes. \u201cFC Internazionale Milano<\/p>\n","protected":false},"author":14,"featured_media":15776,"comment_status":"open","ping_status":"open","sticky":false,"template":"","format":"standard","meta":{"footnotes":""},"categories":[48],"tags":[],"class_list":["post-15775","post","type-post","status-publish","format-standard","has-post-thumbnail","hentry","category-sport"],"_links":{"self":[{"href":"https:\/\/indeks.bilten.mk\/index.php?rest_route=\/wp\/v2\/posts\/15775","targetHints":{"allow":["GET"]}}],"collection":[{"href":"https:\/\/indeks.bilten.mk\/index.php?rest_route=\/wp\/v2\/posts"}],"about":[{"href":"https:\/\/indeks.bilten.mk\/index.php?rest_route=\/wp\/v2\/types\/post"}],"author":[{"embeddable":true,"href":"https:\/\/indeks.bilten.mk\/index.php?rest_route=\/wp\/v2\/users\/14"}],"replies":[{"embeddable":true,"href":"https:\/\/indeks.bilten.mk\/index.php?rest_route=%2Fwp%2Fv2%2Fcomments&post=15775"}],"version-history":[{"count":0,"href":"https:\/\/indeks.bilten.mk\/index.php?rest_route=\/wp\/v2\/posts\/15775\/revisions"}],"wp:featuredmedia":[{"embeddable":true,"href":"https:\/\/indeks.bilten.mk\/index.php?rest_route=\/wp\/v2\/media\/15776"}],"wp:attachment":[{"href":"https:\/\/indeks.bilten.mk\/index.php?rest_route=%2Fwp%2Fv2%2Fmedia&parent=15775"}],"wp:term":[{"taxonomy":"category","embeddable":true,"href":"https:\/\/indeks.bilten.mk\/index.php?rest_route=%2Fwp%2Fv2%2Fcategories&post=15775"},{"taxonomy":"post_tag","embeddable":true,"href":"https:\/\/indeks.bilten.mk\/index.php?rest_route=%2Fwp%2Fv2%2Ftags&post=15775"}],"curies":[{"name":"wp","href":"https:\/\/api.w.org\/{rel}","templated":true}]}}