{"id":15785,"date":"2023-09-05T14:44:08","date_gmt":"2023-09-05T12:44:08","guid":{"rendered":"https:\/\/indeks.mk\/?p=15785"},"modified":"2023-09-05T14:44:08","modified_gmt":"2023-09-05T12:44:08","slug":"meta-po-planifikon-ndryshime-te-medha-ne-facebook-dhe-instagram","status":"publish","type":"post","link":"https:\/\/indeks.bilten.mk\/?p=15785","title":{"rendered":"Meta po planifikon ndryshime t\u00eb m\u00ebdha n\u00eb Facebook dhe Instagram"},"content":{"rendered":"<p><strong>Sa jeni t\u00eb gatsh\u00ebm t\u00eb paguani p\u00ebr versionet e Facebook dhe Instagram n\u00eb t\u00eb cilat nuk do t\u00eb shfaqen reklamat?<\/strong><\/p>\n<p>Prej vitesh kemi d\u00ebgjuar p\u00ebr versionin e Facebook, kurse duket se Meta po e shqyrton seriozisht futjen e opsionit t\u00eb parapagimit jo vet\u00ebm p\u00ebr Facebook por edhe Instagram, transmeton Telegrafi.<\/p>\n<p>N\u00eb k\u00ebt\u00eb rast nuk \u00ebsht\u00eb d\u00ebshira p\u00ebr modelin e ri t\u00eb pun\u00ebs, q\u00eb do t\u00eb ishte burim i mir\u00eb i t\u00eb hyrave, por detyrim dhe p\u00ebrgjegj\u00ebsi e ri q\u00eb sipas ligjit q\u00eb ka hyr\u00eb s\u00eb fundmi n\u00eb fuqi n\u00eb BE tek platformat m\u00eb t\u00eb m\u00ebdha t\u00eb rrjeteve sociale.<\/p>\n<p>Me futjen e abonimeve n\u00eb k\u00ebto platforma Meta, nuk do t\u00eb kishte m\u00eb nevoj\u00eb p\u00ebr gjurmim t\u00eb t\u00eb dh\u00ebnave, pasi p\u00ebrdoruesve t\u00eb k\u00ebtyre rrjeteve sociale nuk do t\u00eb shfaqeshin m\u00eb reklama.<\/p>\n<p>Tre burime t\u00eb njohura me situat\u00ebn n\u00eb kompani kan\u00eb treguar p\u00ebr mediat se kompania e Zuckerberg po e konsideron seriozisht k\u00ebt\u00eb l\u00ebvizje.<\/p>\n<p>Sipas k\u00ebtyre burimeve, Meta s\u00eb shpejti mund t\u00eb filloj\u00eb t\u00eb b\u00ebj\u00eb ndryshime dhe, p\u00ebr p\u00ebrdoruesit q\u00eb nuk duan t\u2019u shfaqen reklama, t\u00eb p\u00ebrdorin versionet e Facebook dhe Instagram q\u00eb do t\u00eb k\u00ebrkojn\u00eb pages\u00ebn e nj\u00eb abonimi mujor.<\/p>\n<p>Do t\u00eb jet\u00eb interesante t\u00eb shihet shifra p\u00ebr t\u00eb cil\u00ebn vendos Meta, sepse shuma e abonimit mujor duhet t\u00eb jet\u00eb nj\u00eb element ky\u00e7 p\u00ebr shum\u00eb p\u00ebrdorues, t\u00eb cil\u00ebve u duket mjaft interesante ideja e nj\u00eb Facebook-u q\u00eb nuk do t\u00eb shfryt\u00ebzoj\u00eb t\u00eb dh\u00ebnat e tyre dhe nuk do t\u2019u tregoj\u00eb reklama. \/Telegrafi\/<\/p>\n","protected":false},"excerpt":{"rendered":"<p>Sa jeni t\u00eb gatsh\u00ebm t\u00eb paguani p\u00ebr versionet e Facebook dhe Instagram n\u00eb t\u00eb cilat nuk do t\u00eb shfaqen reklamat? Prej vitesh kemi d\u00ebgjuar p\u00ebr<\/p>\n","protected":false},"author":14,"featured_media":15786,"comment_status":"open","ping_status":"open","sticky":false,"template":"","format":"standard","meta":{"footnotes":""},"categories":[53],"tags":[],"class_list":["post-15785","post","type-post","status-publish","format-standard","has-post-thumbnail","hentry","category-teknologji"],"_links":{"self":[{"href":"https:\/\/indeks.bilten.mk\/index.php?rest_route=\/wp\/v2\/posts\/15785","targetHints":{"allow":["GET"]}}],"collection":[{"href":"https:\/\/indeks.bilten.mk\/index.php?rest_route=\/wp\/v2\/posts"}],"about":[{"href":"https:\/\/indeks.bilten.mk\/index.php?rest_route=\/wp\/v2\/types\/post"}],"author":[{"embeddable":true,"href":"https:\/\/indeks.bilten.mk\/index.php?rest_route=\/wp\/v2\/users\/14"}],"replies":[{"embeddable":true,"href":"https:\/\/indeks.bilten.mk\/index.php?rest_route=%2Fwp%2Fv2%2Fcomments&post=15785"}],"version-history":[{"count":0,"href":"https:\/\/indeks.bilten.mk\/index.php?rest_route=\/wp\/v2\/posts\/15785\/revisions"}],"wp:featuredmedia":[{"embeddable":true,"href":"https:\/\/indeks.bilten.mk\/index.php?rest_route=\/wp\/v2\/media\/15786"}],"wp:attachment":[{"href":"https:\/\/indeks.bilten.mk\/index.php?rest_route=%2Fwp%2Fv2%2Fmedia&parent=15785"}],"wp:term":[{"taxonomy":"category","embeddable":true,"href":"https:\/\/indeks.bilten.mk\/index.php?rest_route=%2Fwp%2Fv2%2Fcategories&post=15785"},{"taxonomy":"post_tag","embeddable":true,"href":"https:\/\/indeks.bilten.mk\/index.php?rest_route=%2Fwp%2Fv2%2Ftags&post=15785"}],"curies":[{"name":"wp","href":"https:\/\/api.w.org\/{rel}","templated":true}]}}