{"id":15788,"date":"2023-09-05T14:47:00","date_gmt":"2023-09-05T12:47:00","guid":{"rendered":"https:\/\/indeks.mk\/?p=15788"},"modified":"2023-09-05T14:47:00","modified_gmt":"2023-09-05T12:47:00","slug":"nje-shkolle-ne-turqi-do-te-emertohet-maqedonia-ne-shenje-mirenjohjeje-per-solidaritetin-pas-termetit","status":"publish","type":"post","link":"https:\/\/indeks.bilten.mk\/?p=15788","title":{"rendered":"Nj\u00eb shkoll\u00eb n\u00eb Turqi do t\u00eb em\u00ebrtohet \u201cMaqedonia\u201d n\u00eb shenj\u00eb mir\u00ebnjohjeje p\u00ebr solidaritetin pas t\u00ebrmetit"},"content":{"rendered":"<p>N\u00eb qytetin turk Malatya, i cili ishte nj\u00eb nga t\u00eb prekurit nga t\u00ebrmeti katastrofik n\u00eb Turqi n\u00eb shkurt t\u00eb k\u00ebtij viti, do t\u00eb nd\u00ebrtohet nj\u00eb shkoll\u00eb q\u00eb do t\u00eb mbaj\u00eb emrin e vendit ton\u00eb dhe klasat, 32 n\u00eb num\u00ebr, do t\u00eb marrin emrin e Qyteteve t\u00eb Maqedonis\u00eb, p\u00ebrcjell\u00eb Klan M, njofton Kryqi i Kuq i Maqedonis\u00eb.<\/p>\n<p>Shkolla do t\u00eb nd\u00ebrtohet me pjes\u00ebn m\u00eb t\u00eb madhe t\u00eb mjeteve q\u00eb qytetar\u00ebt e Maqedonis\u00eb dhuruan p\u00ebr aksionin humanitar t\u00eb Kryqit t\u00eb Kuq p\u00ebr t\u00eb ndihmuar popullat\u00ebn e vuajtur n\u00eb Turqi dhe Siri.<\/p>\n<p>\u201cN\u00eb fushat\u00eb jan\u00eb mbledhur gjithsej 63.380.807 denar\u00eb. Prej tyre, 12.427.334 denar\u00eb jan\u00eb d\u00ebrguar n\u00eb llogarin\u00eb e Federat\u00ebs Nd\u00ebrkomb\u00ebtare t\u00eb Kryqit t\u00eb Kuq dhe Gjysm\u00ebh\u00ebn\u00ebs s\u00eb Kuqe, p\u00ebr t\u00eb ndihmuar popullat\u00ebn e vuajtur n\u00eb Siri\u201d, njoftuan nga Kryqi i Kuq i Maqedonis\u00eb.<\/p>\n<p>Pjesa e mbetur prej 50.909.796 denar\u00eb, por sipas marr\u00ebveshjes s\u00eb Kryqit t\u00eb Kuq t\u00eb vendit dhe Gjysm\u00ebh\u00ebn\u00ebs s\u00eb Kuqe Turke, \u00ebsht\u00eb vendosur q\u00eb t\u00eb ndahen p\u00ebr nd\u00ebrtimin e shkoll\u00ebs n\u00eb Malatya t\u00eb Turqis\u00eb.<\/p>\n<p>\u201cKy akt do t\u00eb l\u00ebr\u00eb gjurm\u00eb t\u00eb q\u00ebndrueshme dhe d\u00ebshmi t\u00eb solidaritetit t\u00eb qytetar\u00ebve t\u00eb RMV-s\u00eb ndaj qytetar\u00ebve t\u00eb Republik\u00ebs s\u00eb Turqis\u00eb. Qytetar\u00ebt dhe publiku i gjer\u00eb her\u00eb pas here do t\u00eb mund t\u00eb informohen p\u00ebr ecurin\u00eb e nd\u00ebrtimit t\u00eb shkoll\u00ebs dhe investimin n\u00eb ueb faqen e Kryqit t\u00eb Kuq\u201d, thon\u00eb nga organizata.<\/p>\n<p>Turqia dhe Siria u godit\u00ebn nga nj\u00eb t\u00ebrmet katastrofik m\u00eb 6 shkurt t\u00eb k\u00ebtij viti q\u00eb vrau mij\u00ebra njer\u00ebz dhe la mij\u00ebra t\u00eb tjer\u00eb t\u00eb plagosur dhe t\u00eb pastreh\u00eb. \/KlanMacedonia\/<\/p>\n","protected":false},"excerpt":{"rendered":"<p>N\u00eb qytetin turk Malatya, i cili ishte nj\u00eb nga t\u00eb prekurit nga t\u00ebrmeti katastrofik n\u00eb Turqi n\u00eb shkurt t\u00eb k\u00ebtij viti, do t\u00eb nd\u00ebrtohet nj\u00eb<\/p>\n","protected":false},"author":14,"featured_media":15789,"comment_status":"open","ping_status":"open","sticky":false,"template":"","format":"standard","meta":{"footnotes":""},"categories":[46],"tags":[],"class_list":["post-15788","post","type-post","status-publish","format-standard","has-post-thumbnail","hentry","category-bota"],"_links":{"self":[{"href":"https:\/\/indeks.bilten.mk\/index.php?rest_route=\/wp\/v2\/posts\/15788","targetHints":{"allow":["GET"]}}],"collection":[{"href":"https:\/\/indeks.bilten.mk\/index.php?rest_route=\/wp\/v2\/posts"}],"about":[{"href":"https:\/\/indeks.bilten.mk\/index.php?rest_route=\/wp\/v2\/types\/post"}],"author":[{"embeddable":true,"href":"https:\/\/indeks.bilten.mk\/index.php?rest_route=\/wp\/v2\/users\/14"}],"replies":[{"embeddable":true,"href":"https:\/\/indeks.bilten.mk\/index.php?rest_route=%2Fwp%2Fv2%2Fcomments&post=15788"}],"version-history":[{"count":0,"href":"https:\/\/indeks.bilten.mk\/index.php?rest_route=\/wp\/v2\/posts\/15788\/revisions"}],"wp:featuredmedia":[{"embeddable":true,"href":"https:\/\/indeks.bilten.mk\/index.php?rest_route=\/wp\/v2\/media\/15789"}],"wp:attachment":[{"href":"https:\/\/indeks.bilten.mk\/index.php?rest_route=%2Fwp%2Fv2%2Fmedia&parent=15788"}],"wp:term":[{"taxonomy":"category","embeddable":true,"href":"https:\/\/indeks.bilten.mk\/index.php?rest_route=%2Fwp%2Fv2%2Fcategories&post=15788"},{"taxonomy":"post_tag","embeddable":true,"href":"https:\/\/indeks.bilten.mk\/index.php?rest_route=%2Fwp%2Fv2%2Ftags&post=15788"}],"curies":[{"name":"wp","href":"https:\/\/api.w.org\/{rel}","templated":true}]}}