{"id":15793,"date":"2023-09-05T14:57:05","date_gmt":"2023-09-05T12:57:05","guid":{"rendered":"https:\/\/indeks.mk\/?p=15793"},"modified":"2023-09-05T14:58:30","modified_gmt":"2023-09-05T12:58:30","slug":"zbulohet-kush-do-ta-prezantoje-sezonin-e-ri-te-perputhen-emri-nje-befasi-e-madhe","status":"publish","type":"post","link":"https:\/\/indeks.bilten.mk\/?p=15793","title":{"rendered":"Zbulohet kush do ta prezantoj\u00eb sezonin e ri t\u00eb \u201cP\u00ebr\u2019puthen\u201d- Emri nj\u00eb befasi e madhe"},"content":{"rendered":"<p>Shum\u00eb emra jan\u00eb diskutuar, shum\u00eb vajza t\u00eb ekranit e kan\u00eb d\u00ebshiruar t\u00eb jen\u00eb pjes\u00eb e programit m\u00eb t\u00eb ndjekur t\u00eb dashuris\u00eb.<\/p>\n<p>Por si\u00e7 ka ndodhur gjithmon\u00eb me k\u00ebt\u00eb program, n\u00eb momentin e fundit vjen surpriza e madhe. \u00a0Dhe k\u00ebsaj here emri i prezantueses \u00ebsht\u00eb v\u00ebrtet\u00eb i till\u00eb, nj\u00eb \u201cbig surpriz\u00eb\u201d, sepse nuk u p\u00ebrfol asnj\u00ebher\u00eb dhe ajo vet\u00eb nuk \u00ebsht\u00eb shprehur, deri m\u00eb tani, n\u00ebse e d\u00ebshironte apo kishte ambicien t\u00eb drejtonte \u201cP\u00ebr\u2019puthen\u201d, k\u00ebt\u00eb sezon.<\/p>\n<p>Prezantuesja e re \u00ebsht\u00eb nj\u00eb nga vajzat m\u00eb t\u00eb komentuara t\u00eb showbizit dhe q\u00eb di gjithmon\u00eb si ta marr\u00eb v\u00ebmendjen e mediave me natyrshm\u00ebrin\u00eb e saj. Jeni gati ta zbulojm\u00eb?!<\/p>\n<p>Megi Pojani do t\u00eb drejtoj\u00eb sezonin e ri t\u00eb \u201cP\u00ebr\u2019puthen\u201d n\u00eb Top Channel.<\/p>\n<p>E kontaktuar nga Top Channel, moderatorja dhe showgirl-i, konfirmon se ky sezon n\u00ebn drejtimin e saj do t\u00eb jet\u00eb \u201czjarr\u201d:<\/p>\n<p>\u201c<em>Isha n\u00eb mes t\u00eb st\u00ebrvitjes me forcat speciale dhe u fsheha pas nj\u00eb ka\u00e7ubeje vet\u00ebm p\u00ebr t\u2019ju th\u00ebn\u00eb q\u00eb lajmi \u00ebsht\u00eb i v\u00ebrtet\u00eb. I repeat-lajmi \u00ebsht\u00eb i v\u00ebrtet\u00eb, duhet t\u00eb shkoj tani. Gotta go! Zbrazni karikatoret e pu\u00e7jeveeee<\/em>.\u201d<\/p>\n<figure class=\"wp-block-image\"><img decoding=\"async\" class=\"wp-image-2546445\" src=\"https:\/\/top-channel.tv\/wp-content\/uploads\/2023\/09\/Mego-pojani-1-434x450.jpg\" alt=\"\" \/><\/figure>\n<p>Megi vjen n\u00eb \u201cP\u00ebr\u2019puthen\u2019 pas eksperienc\u00ebs s\u00eb suksesshme n\u00eb prezantimin e Big Brother Vip Fan Club\u201d, ku spikati p\u00ebr spontanitetin dhe komunikimin pa filtra, \u00e7\u2019ka e b\u00ebri t\u00eb dashur p\u00ebr publikun.<\/p>\n<p>Emrat q\u00eb p\u00ebrfliteshin n\u00eb media shkonin sa te Kiara Tito, sa te Efi Dhedhes \u00a0dy vajzat q\u00eb krijuan nj\u00eb marr\u00ebdh\u00ebnie paksa \u201ct\u00ebrhiq e mos e k\u00ebput\u201d pas daljes nga sht\u00ebpia e BBV 2 me nj\u00ebra-tjetr\u00ebn por si\u00e7 thot\u00eb dhe autorja e programit Olsa Muhameti, Top Channel gjithmon\u00eb surprizon:<\/p>\n<p>\u201c<em>Prezantimi i P\u00ebr\u2019puthen \u00ebsht\u00eb kthyer tashm\u00eb n\u00eb nj\u00eb trampolin\u00eb t\u00eb mir\u00eb p\u00ebr t\u00eb b\u00ebr\u00eb karrier\u00eb n\u00eb Top Channel! E sa duket kjo e ka b\u00ebr\u00eb k\u00ebt\u00eb pozicion kaq shum\u00eb t\u00eb k\u00ebrkuar nga vajzat e ekranit dhe showbizit! Publiku k\u00ebt\u00eb sezon ka qen\u00eb tifozi i shum\u00eb emrave, por si gjithmon\u00eb Top Channel suprizon dhe jam entuziaste q\u00eb Megi Pojani do t\u00eb prezantoj\u00eb k\u00ebt\u00eb sezon t\u00eb pest\u00eb t\u00eb Per\u2019puthen<\/em>!\u201d<\/p>\n","protected":false},"excerpt":{"rendered":"<p>Shum\u00eb emra jan\u00eb diskutuar, shum\u00eb vajza t\u00eb ekranit e kan\u00eb d\u00ebshiruar t\u00eb jen\u00eb pjes\u00eb e programit m\u00eb t\u00eb ndjekur t\u00eb dashuris\u00eb. Por si\u00e7 ka ndodhur<\/p>\n","protected":false},"author":14,"featured_media":15796,"comment_status":"open","ping_status":"open","sticky":false,"template":"","format":"standard","meta":{"footnotes":""},"categories":[49],"tags":[],"class_list":["post-15793","post","type-post","status-publish","format-standard","has-post-thumbnail","hentry","category-showbiz"],"_links":{"self":[{"href":"https:\/\/indeks.bilten.mk\/index.php?rest_route=\/wp\/v2\/posts\/15793","targetHints":{"allow":["GET"]}}],"collection":[{"href":"https:\/\/indeks.bilten.mk\/index.php?rest_route=\/wp\/v2\/posts"}],"about":[{"href":"https:\/\/indeks.bilten.mk\/index.php?rest_route=\/wp\/v2\/types\/post"}],"author":[{"embeddable":true,"href":"https:\/\/indeks.bilten.mk\/index.php?rest_route=\/wp\/v2\/users\/14"}],"replies":[{"embeddable":true,"href":"https:\/\/indeks.bilten.mk\/index.php?rest_route=%2Fwp%2Fv2%2Fcomments&post=15793"}],"version-history":[{"count":0,"href":"https:\/\/indeks.bilten.mk\/index.php?rest_route=\/wp\/v2\/posts\/15793\/revisions"}],"wp:featuredmedia":[{"embeddable":true,"href":"https:\/\/indeks.bilten.mk\/index.php?rest_route=\/wp\/v2\/media\/15796"}],"wp:attachment":[{"href":"https:\/\/indeks.bilten.mk\/index.php?rest_route=%2Fwp%2Fv2%2Fmedia&parent=15793"}],"wp:term":[{"taxonomy":"category","embeddable":true,"href":"https:\/\/indeks.bilten.mk\/index.php?rest_route=%2Fwp%2Fv2%2Fcategories&post=15793"},{"taxonomy":"post_tag","embeddable":true,"href":"https:\/\/indeks.bilten.mk\/index.php?rest_route=%2Fwp%2Fv2%2Ftags&post=15793"}],"curies":[{"name":"wp","href":"https:\/\/api.w.org\/{rel}","templated":true}]}}