{"id":15797,"date":"2023-09-05T15:01:16","date_gmt":"2023-09-05T13:01:16","guid":{"rendered":"https:\/\/indeks.mk\/?p=15797"},"modified":"2023-09-05T15:01:16","modified_gmt":"2023-09-05T13:01:16","slug":"a-ndihmon-soda-e-bukes-ne-pastrimin-e-thelle-te-flokeve","status":"publish","type":"post","link":"https:\/\/indeks.bilten.mk\/?p=15797","title":{"rendered":"A ndihmon soda e buk\u00ebs n\u00eb pastrimin e thell\u00eb t\u00eb flok\u00ebve?"},"content":{"rendered":"<p><strong>Ja fjala e dy parukier\u00ebve<\/strong><\/p>\n<div class=\"code-block code-block-43 code-block-pas-paragrafit-2t-inarticle\">\n<div>\n<div class=\"code-block-label\">Uthull molle, mjalt\u00eb, vaji i kokosit dhe lista vazhdon\u2026Tani, \u00ebsht\u00eb radha e sod\u00ebs s\u00eb buk\u00ebs.<\/div>\n<\/div>\n<\/div>\n<p>Nj\u00ebsoj si\u00e7 vepron edhe n\u00eb sektor\u00eb t\u00eb tjer\u00eb, soda e buk\u00ebs sipas parukier\u00ebve p\u00ebrdoret p\u00ebr nj\u00eb pastrim t\u00eb thell\u00eb tek flok\u00ebt.<\/p>\n<p>\u201cSoda e buk\u00ebs ndihmon n\u00eb heqjen e papast\u00ebrtive t\u00eb tep\u00ebrta n\u00eb flok\u00eb, por ndikon keq n\u00eb ushqyerjen apo shk\u00eblqimin e tyre,\u201d thot\u00eb stilisti i flok\u00ebve Steven Picciano p\u00ebr \u201cReal Simple\u201d.<\/p>\n<p><strong>Si e b\u00ebn sakt\u00ebsisht?<\/strong><\/p>\n<p>Soda e buk\u00ebs ka n\u00eb thelb kristale t\u00eb vogla me skaje t\u00eb mprehta q\u00eb mund t\u00eb veprojn\u00eb n\u00eb kutikul\u00ebn (shtres\u00ebn m\u00eb t\u00eb jashtme) e flok\u00ebve duke i cop\u00ebtuar ato apo duke u zbehur shk\u00eblqimin.<\/p>\n<p>Soda e buk\u00ebs i than flok\u00ebt, si fijet ashtu edhe skalpin.<\/p>\n<div class=\"ai-viewport-1\" data-insertion-position=\"prepend\" data-selector=\".ai-insert-1-26619386\" data-insertion-no-dbg=\"\" data-code=\"PGRpdiBjbGFzcz0nY29kZS1ibG9jayBjb2RlLWJsb2NrLTEgY29kZS1ibG9jay1pbmFydGljbGUtZGVza3RvcCcgc3R5bGU9J21hcmdpbjogOHB4IGF1dG87IHRleHQtYWxpZ246IGNlbnRlcjsgZGlzcGxheTogYmxvY2s7IGNsZWFyOiBib3RoOyB3aWR0aDogMzAwcHg7IGhlaWdodDogNDIwcHg7IGJhY2tncm91bmQtY29sb3I6ICNmZmZmZmY7Jz4KPGRpdiBzdHlsZT0icG9zaXRpb246IHN0aWNreTsgdG9wOiAxNXB4OyI+CjxkaXYgY2xhc3M9ImNvZGUtYmxvY2stbGFiZWwiPlJla2xhbWE8L2Rpdj4KPGRpdiBkYXRhLWFkLXVuaXQtaWQ9Ii8yMjY0NjY1NzExOC9Jbi1hcnRpY2xlX2JveF8yIj48L2Rpdj4KPC9kaXY+CjxkaXYgc3R5bGU9IiBoZWlnaHQ6IDM5MHB4OyI+PC9kaXY+CjwvZGl2Pgo=\" data-block=\"1\">\n<div class=\"code-block code-block-1 code-block-inarticle-desktop\">\n<div>\u201cFlok\u00ebt kan\u00eb nj\u00eb pH natyral prej 4,5-5,5, nd\u00ebrsa skalpi i kok\u00ebs \u00ebsht\u00eb rreth 5,5. Soda e buk\u00ebs ka nj\u00eb aciditet t\u00eb lart\u00eb, rreth 8, gj\u00eb q\u00eb i b\u00ebn flok\u00ebt m\u00eb t\u00eb that\u00eb dhe t\u00eb brisht\u00eb,\u201d shpjegon parukierja Sonna Brado.<\/div>\n<\/div>\n<\/div>\n<p><img loading=\"lazy\" decoding=\"async\" class=\"alignnone size-full wp-image-3787071\" src=\"https:\/\/telegrafi.com\/wp-content\/uploads\/2023\/09\/how_long_does_it_take_for_baking_soda_to_lighten_hair.jpg\" alt=\"\" width=\"720\" height=\"480\" \/><\/p>\n<p><strong>A ka ndonj\u00eb lloj flok\u00ebsh p\u00ebr t\u00eb cilin \u00ebsht\u00eb i mir\u00eb?<\/strong><\/p>\n<p>Sipas ekspert\u00ebve, askush nuk duhet ta p\u00ebrdor\u00eb sod\u00ebn e buk\u00ebs rregullisht. T\u00eb vetmit njer\u00ebz q\u00eb duhet ta mendojn\u00eb p\u00ebr p\u00ebrdorim her\u00eb pas here jan\u00eb ata q\u00eb kan\u00eb flok\u00eb shum\u00eb t\u00eb yndyrsh\u00ebm.<\/p>\n<p>Ju mund t\u00eb b\u00ebni nj\u00eb past\u00eb t\u00eb p\u00ebrb\u00ebr\u00eb nga uji dhe pak sod\u00eb buke dhe ta aplikoni at\u00eb n\u00eb flok\u00eb. L\u00ebreni p\u00ebr vet\u00ebm disa minuta para se ta shp\u00eblani t\u00ebr\u00ebsisht dhe prisni p\u00ebr rezultatin, citon Anabel.<\/p>\n<p><strong>\u00c7far\u00eb duhet t\u00eb p\u00ebrdorni n\u00eb vend t\u00eb sod\u00ebs s\u00eb buk\u00ebs?<\/strong><\/p>\n<p>T\u00eb dy parukier\u00ebt Brado dhe Picciano thon\u00eb se n\u00ebse po mendoni t\u00eb p\u00ebrdorni sod\u00eb buke p\u00ebr pastrimin e thell\u00eb t\u00eb flok\u00ebve, n\u00eb vend t\u00eb saj mendoni p\u00ebr nj\u00eb shampo me veti pastruese. \/Telegrafi\/<\/p>\n","protected":false},"excerpt":{"rendered":"<p>Ja fjala e dy parukier\u00ebve Uthull molle, mjalt\u00eb, vaji i kokosit dhe lista vazhdon\u2026Tani, \u00ebsht\u00eb radha e sod\u00ebs s\u00eb buk\u00ebs. Nj\u00ebsoj si\u00e7 vepron edhe n\u00eb<\/p>\n","protected":false},"author":14,"featured_media":15798,"comment_status":"open","ping_status":"open","sticky":false,"template":"","format":"standard","meta":{"footnotes":""},"categories":[54,50],"tags":[],"class_list":["post-15797","post","type-post","status-publish","format-standard","has-post-thumbnail","hentry","category-indeks","category-kuriozitete"],"_links":{"self":[{"href":"https:\/\/indeks.bilten.mk\/index.php?rest_route=\/wp\/v2\/posts\/15797","targetHints":{"allow":["GET"]}}],"collection":[{"href":"https:\/\/indeks.bilten.mk\/index.php?rest_route=\/wp\/v2\/posts"}],"about":[{"href":"https:\/\/indeks.bilten.mk\/index.php?rest_route=\/wp\/v2\/types\/post"}],"author":[{"embeddable":true,"href":"https:\/\/indeks.bilten.mk\/index.php?rest_route=\/wp\/v2\/users\/14"}],"replies":[{"embeddable":true,"href":"https:\/\/indeks.bilten.mk\/index.php?rest_route=%2Fwp%2Fv2%2Fcomments&post=15797"}],"version-history":[{"count":0,"href":"https:\/\/indeks.bilten.mk\/index.php?rest_route=\/wp\/v2\/posts\/15797\/revisions"}],"wp:featuredmedia":[{"embeddable":true,"href":"https:\/\/indeks.bilten.mk\/index.php?rest_route=\/wp\/v2\/media\/15798"}],"wp:attachment":[{"href":"https:\/\/indeks.bilten.mk\/index.php?rest_route=%2Fwp%2Fv2%2Fmedia&parent=15797"}],"wp:term":[{"taxonomy":"category","embeddable":true,"href":"https:\/\/indeks.bilten.mk\/index.php?rest_route=%2Fwp%2Fv2%2Fcategories&post=15797"},{"taxonomy":"post_tag","embeddable":true,"href":"https:\/\/indeks.bilten.mk\/index.php?rest_route=%2Fwp%2Fv2%2Ftags&post=15797"}],"curies":[{"name":"wp","href":"https:\/\/api.w.org\/{rel}","templated":true}]}}