{"id":15808,"date":"2023-09-05T15:12:22","date_gmt":"2023-09-05T13:12:22","guid":{"rendered":"https:\/\/indeks.mk\/?p=15808"},"modified":"2023-09-05T15:12:22","modified_gmt":"2023-09-05T13:12:22","slug":"me-foto-nga-plazhi-e-veshur-ne-bikini-melinda-ndez-rrjetet-sociale-foto","status":"publish","type":"post","link":"https:\/\/indeks.bilten.mk\/?p=15808","title":{"rendered":"Me foto nga plazhi, e veshur n\u00eb bikini! Melinda ndez rrjetet sociale (FOTO)"},"content":{"rendered":"<p><strong>Rep-artistja Melinda Ademi para disa or\u00ebsh ka ndar\u00eb me ndjek\u00ebsit disa poza nga pushimet.<\/strong><\/p>\n<p>Shihet pran\u00eb val\u00ebve t\u00eb detit dhe e veshur n\u00eb bikini Melinda tregon linjat e saj trupure, shkruan\u00a0<strong>\u201cKosovarja\u201d<\/strong>.<\/p>\n<p><img loading=\"lazy\" decoding=\"async\" class=\"aligncenter size-full wp-image-496318\" src=\"https:\/\/i0.wp.com\/www.kosovarja-ks.com\/wp-content\/uploads\/2023\/09\/melindaademi_375165420_18382688959012588_3457210510591266722_n.jpg?resize=1080%2C1350&amp;ssl=1\" sizes=\"auto, (max-width: 1000px) 100vw, 1000px\" srcset=\"https:\/\/i0.wp.com\/www.kosovarja-ks.com\/wp-content\/uploads\/2023\/09\/melindaademi_375165420_18382688959012588_3457210510591266722_n.jpg?w=1080&amp;ssl=1 1080w, https:\/\/i0.wp.com\/www.kosovarja-ks.com\/wp-content\/uploads\/2023\/09\/melindaademi_375165420_18382688959012588_3457210510591266722_n.jpg?resize=240%2C300&amp;ssl=1 240w, https:\/\/i0.wp.com\/www.kosovarja-ks.com\/wp-content\/uploads\/2023\/09\/melindaademi_375165420_18382688959012588_3457210510591266722_n.jpg?resize=819%2C1024&amp;ssl=1 819w, https:\/\/i0.wp.com\/www.kosovarja-ks.com\/wp-content\/uploads\/2023\/09\/melindaademi_375165420_18382688959012588_3457210510591266722_n.jpg?resize=768%2C960&amp;ssl=1 768w, https:\/\/i0.wp.com\/www.kosovarja-ks.com\/wp-content\/uploads\/2023\/09\/melindaademi_375165420_18382688959012588_3457210510591266722_n.jpg?resize=750%2C938&amp;ssl=1 750w\" alt=\"\" width=\"673\" height=\"842\" data-pin-no-hover=\"true\" \/><\/p>\n<p>Reperja ka shkruar \u201cVal\u00eb pas vale\u201d n\u00eb mbishkrimin e fotove, teksa dukej tejet t\u00ebrheq\u00ebse.<\/p>\n<p>Andaj ndjek\u00ebsit reaguan me komente ku kryesisht ishin pozitive p\u00ebr Ademin.<\/p>\n<p><img loading=\"lazy\" decoding=\"async\" class=\"aligncenter size-full wp-image-496319\" src=\"https:\/\/i0.wp.com\/www.kosovarja-ks.com\/wp-content\/uploads\/2023\/09\/melindaademi_374740996_18382688923012588_687177676874894280_n.jpg?resize=1080%2C1350&amp;ssl=1\" sizes=\"auto, (max-width: 1000px) 100vw, 1000px\" srcset=\"https:\/\/i0.wp.com\/www.kosovarja-ks.com\/wp-content\/uploads\/2023\/09\/melindaademi_374740996_18382688923012588_687177676874894280_n.jpg?w=1080&amp;ssl=1 1080w, https:\/\/i0.wp.com\/www.kosovarja-ks.com\/wp-content\/uploads\/2023\/09\/melindaademi_374740996_18382688923012588_687177676874894280_n.jpg?resize=240%2C300&amp;ssl=1 240w, https:\/\/i0.wp.com\/www.kosovarja-ks.com\/wp-content\/uploads\/2023\/09\/melindaademi_374740996_18382688923012588_687177676874894280_n.jpg?resize=819%2C1024&amp;ssl=1 819w, https:\/\/i0.wp.com\/www.kosovarja-ks.com\/wp-content\/uploads\/2023\/09\/melindaademi_374740996_18382688923012588_687177676874894280_n.jpg?resize=768%2C960&amp;ssl=1 768w, https:\/\/i0.wp.com\/www.kosovarja-ks.com\/wp-content\/uploads\/2023\/09\/melindaademi_374740996_18382688923012588_687177676874894280_n.jpg?resize=750%2C938&amp;ssl=1 750w\" alt=\"\" width=\"673\" height=\"842\" data-pin-no-hover=\"true\" \/><img loading=\"lazy\" decoding=\"async\" class=\"aligncenter size-full wp-image-496320\" src=\"https:\/\/i0.wp.com\/www.kosovarja-ks.com\/wp-content\/uploads\/2023\/09\/melindaademi_375048897_18382688932012588_6440825774831875708_n.jpg?resize=1080%2C1350&amp;ssl=1\" sizes=\"auto, (max-width: 1000px) 100vw, 1000px\" srcset=\"https:\/\/i0.wp.com\/www.kosovarja-ks.com\/wp-content\/uploads\/2023\/09\/melindaademi_375048897_18382688932012588_6440825774831875708_n.jpg?w=1080&amp;ssl=1 1080w, https:\/\/i0.wp.com\/www.kosovarja-ks.com\/wp-content\/uploads\/2023\/09\/melindaademi_375048897_18382688932012588_6440825774831875708_n.jpg?resize=240%2C300&amp;ssl=1 240w, https:\/\/i0.wp.com\/www.kosovarja-ks.com\/wp-content\/uploads\/2023\/09\/melindaademi_375048897_18382688932012588_6440825774831875708_n.jpg?resize=819%2C1024&amp;ssl=1 819w, https:\/\/i0.wp.com\/www.kosovarja-ks.com\/wp-content\/uploads\/2023\/09\/melindaademi_375048897_18382688932012588_6440825774831875708_n.jpg?resize=768%2C960&amp;ssl=1 768w, https:\/\/i0.wp.com\/www.kosovarja-ks.com\/wp-content\/uploads\/2023\/09\/melindaademi_375048897_18382688932012588_6440825774831875708_n.jpg?resize=750%2C938&amp;ssl=1 750w\" alt=\"\" width=\"673\" height=\"842\" data-pin-no-hover=\"true\" \/><img loading=\"lazy\" decoding=\"async\" class=\"aligncenter size-full wp-image-496321\" src=\"https:\/\/i0.wp.com\/www.kosovarja-ks.com\/wp-content\/uploads\/2023\/09\/melindaademi_374694557_18382688944012588_3438799143078207410_n.jpg?resize=1080%2C1350&amp;ssl=1\" sizes=\"auto, (max-width: 1000px) 100vw, 1000px\" srcset=\"https:\/\/i0.wp.com\/www.kosovarja-ks.com\/wp-content\/uploads\/2023\/09\/melindaademi_374694557_18382688944012588_3438799143078207410_n.jpg?w=1080&amp;ssl=1 1080w, https:\/\/i0.wp.com\/www.kosovarja-ks.com\/wp-content\/uploads\/2023\/09\/melindaademi_374694557_18382688944012588_3438799143078207410_n.jpg?resize=240%2C300&amp;ssl=1 240w, https:\/\/i0.wp.com\/www.kosovarja-ks.com\/wp-content\/uploads\/2023\/09\/melindaademi_374694557_18382688944012588_3438799143078207410_n.jpg?resize=819%2C1024&amp;ssl=1 819w, https:\/\/i0.wp.com\/www.kosovarja-ks.com\/wp-content\/uploads\/2023\/09\/melindaademi_374694557_18382688944012588_3438799143078207410_n.jpg?resize=768%2C960&amp;ssl=1 768w, https:\/\/i0.wp.com\/www.kosovarja-ks.com\/wp-content\/uploads\/2023\/09\/melindaademi_374694557_18382688944012588_3438799143078207410_n.jpg?resize=750%2C938&amp;ssl=1 750w\" alt=\"\" width=\"673\" height=\"842\" data-pin-no-hover=\"true\" \/><\/p>\n","protected":false},"excerpt":{"rendered":"<p>Rep-artistja Melinda Ademi para disa or\u00ebsh ka ndar\u00eb me ndjek\u00ebsit disa poza nga pushimet. Shihet pran\u00eb val\u00ebve t\u00eb detit dhe e veshur n\u00eb bikini Melinda<\/p>\n","protected":false},"author":14,"featured_media":0,"comment_status":"open","ping_status":"open","sticky":false,"template":"","format":"standard","meta":{"footnotes":""},"categories":[49],"tags":[],"class_list":["post-15808","post","type-post","status-publish","format-standard","hentry","category-showbiz"],"_links":{"self":[{"href":"https:\/\/indeks.bilten.mk\/index.php?rest_route=\/wp\/v2\/posts\/15808","targetHints":{"allow":["GET"]}}],"collection":[{"href":"https:\/\/indeks.bilten.mk\/index.php?rest_route=\/wp\/v2\/posts"}],"about":[{"href":"https:\/\/indeks.bilten.mk\/index.php?rest_route=\/wp\/v2\/types\/post"}],"author":[{"embeddable":true,"href":"https:\/\/indeks.bilten.mk\/index.php?rest_route=\/wp\/v2\/users\/14"}],"replies":[{"embeddable":true,"href":"https:\/\/indeks.bilten.mk\/index.php?rest_route=%2Fwp%2Fv2%2Fcomments&post=15808"}],"version-history":[{"count":0,"href":"https:\/\/indeks.bilten.mk\/index.php?rest_route=\/wp\/v2\/posts\/15808\/revisions"}],"wp:attachment":[{"href":"https:\/\/indeks.bilten.mk\/index.php?rest_route=%2Fwp%2Fv2%2Fmedia&parent=15808"}],"wp:term":[{"taxonomy":"category","embeddable":true,"href":"https:\/\/indeks.bilten.mk\/index.php?rest_route=%2Fwp%2Fv2%2Fcategories&post=15808"},{"taxonomy":"post_tag","embeddable":true,"href":"https:\/\/indeks.bilten.mk\/index.php?rest_route=%2Fwp%2Fv2%2Ftags&post=15808"}],"curies":[{"name":"wp","href":"https:\/\/api.w.org\/{rel}","templated":true}]}}