{"id":15824,"date":"2023-09-06T09:15:50","date_gmt":"2023-09-06T07:15:50","guid":{"rendered":"https:\/\/indeks.mk\/?p=15824"},"modified":"2023-09-06T09:15:50","modified_gmt":"2023-09-06T07:15:50","slug":"ne-austri-ndodhet-nje-xhami-me-emrin-lulja-e-srebrenices","status":"publish","type":"post","link":"https:\/\/indeks.bilten.mk\/?p=15824","title":{"rendered":"N\u00eb Austri ndodhet nj\u00eb xhami me emrin \u201cLulja e Srebrenic\u00ebs\u201d"},"content":{"rendered":"<p>Qendra Kulturore Islame Klagenfurt organizoi nj\u00eb program t\u00eb p\u00ebrshtatsh\u00ebm n\u00eb xhamin\u00eb \u201cLulja e Srebrenic\u00ebs\u201d p\u00ebr t\u00eb sh\u00ebnuar p\u00ebrvjetorin e gjenocidit kund\u00ebr boshnjak\u00ebve.<\/p>\n<p>\u00cbsht\u00eb interesante se xhamia ku u mbajt manifestimi quhet \u201cLulja e Srebrenic\u00ebs\u201d, dhe ajo i hapi dyert p\u00ebr xhemat\u00ebt dhe vizitor\u00ebt vitin e kaluar.<\/p>\n<div class=\"\">\n<div id=\"M634059ScriptRootC1190148_073e1\">\n<div id=\"MarketGidComposite1190148_073e1\">N\u00eb k\u00ebt\u00eb eveniment mor\u00ebn pjes\u00eb shum\u00eb boshnjak\u00eb nga Austria, si dhe zyrtar\u00eb politik\u00eb nga qyteti i Klagenfurt-it, prandaj programi u mbajt n\u00eb gjuh\u00ebn boshnjake dhe gjermane. Programin e hap\u00ebn organizator\u00ebt para xhematit, Suvad Emriq dhe Omer Bu\u0161atli\u0107 dhe nj\u00eb an\u00ebtare e kongregacionit Nizama Rami\u0107 foli para xhematit, e cila foli p\u00ebr gjenocidin nga k\u00ebndv\u00ebshtrimi i saj.<\/div>\n<\/div>\n<\/div>\n<p>Admir Lisica mbajti nj\u00eb ligj\u00ebrat\u00eb me tem\u00ebn \u201c\u00c7far\u00eb \u00ebsht\u00eb Srebrenica p\u00ebr ne\u201d, duke iu referuar r\u00ebnd\u00ebsis\u00eb s\u00eb kultivimit t\u00eb kultur\u00ebs s\u00eb kujtes\u00ebs, foli me t\u00eb pranishmit<\/p>\n<p>N\u00eb k\u00ebt\u00eb m\u00ebnyr\u00eb, boshnjak\u00ebt e Klagenfurt po p\u00ebrpiqen t\u00eb kultivojn\u00eb nj\u00eb kultur\u00eb t\u00eb kujtes\u00ebs dhe t\u2019i p\u00ebrcjellin nj\u00eb mesazh brezit t\u00eb ri t\u00eb boshnjak\u00ebve t\u00eb lindur n\u00eb Austri, n\u00eb m\u00ebnyr\u00eb q\u00eb n\u00eb t\u00eb ardhmen ata vet\u00eb t\u2019u tregojn\u00eb miqve dhe koleg\u00ebve t\u00eb tyre bazuar n\u00eb fakte p\u00ebr tmerret q\u00eb p\u00ebrjetuan boshnjak\u00ebt e Srebrenic\u00ebs gjat\u00eb muajit korrik 1995.<\/p>\n","protected":false},"excerpt":{"rendered":"<p>Qendra Kulturore Islame Klagenfurt organizoi nj\u00eb program t\u00eb p\u00ebrshtatsh\u00ebm n\u00eb xhamin\u00eb \u201cLulja e Srebrenic\u00ebs\u201d p\u00ebr t\u00eb sh\u00ebnuar p\u00ebrvjetorin e gjenocidit kund\u00ebr boshnjak\u00ebve. \u00cbsht\u00eb interesante se<\/p>\n","protected":false},"author":14,"featured_media":15825,"comment_status":"open","ping_status":"open","sticky":false,"template":"","format":"standard","meta":{"footnotes":""},"categories":[54],"tags":[],"class_list":["post-15824","post","type-post","status-publish","format-standard","has-post-thumbnail","hentry","category-indeks"],"_links":{"self":[{"href":"https:\/\/indeks.bilten.mk\/index.php?rest_route=\/wp\/v2\/posts\/15824","targetHints":{"allow":["GET"]}}],"collection":[{"href":"https:\/\/indeks.bilten.mk\/index.php?rest_route=\/wp\/v2\/posts"}],"about":[{"href":"https:\/\/indeks.bilten.mk\/index.php?rest_route=\/wp\/v2\/types\/post"}],"author":[{"embeddable":true,"href":"https:\/\/indeks.bilten.mk\/index.php?rest_route=\/wp\/v2\/users\/14"}],"replies":[{"embeddable":true,"href":"https:\/\/indeks.bilten.mk\/index.php?rest_route=%2Fwp%2Fv2%2Fcomments&post=15824"}],"version-history":[{"count":0,"href":"https:\/\/indeks.bilten.mk\/index.php?rest_route=\/wp\/v2\/posts\/15824\/revisions"}],"wp:featuredmedia":[{"embeddable":true,"href":"https:\/\/indeks.bilten.mk\/index.php?rest_route=\/wp\/v2\/media\/15825"}],"wp:attachment":[{"href":"https:\/\/indeks.bilten.mk\/index.php?rest_route=%2Fwp%2Fv2%2Fmedia&parent=15824"}],"wp:term":[{"taxonomy":"category","embeddable":true,"href":"https:\/\/indeks.bilten.mk\/index.php?rest_route=%2Fwp%2Fv2%2Fcategories&post=15824"},{"taxonomy":"post_tag","embeddable":true,"href":"https:\/\/indeks.bilten.mk\/index.php?rest_route=%2Fwp%2Fv2%2Ftags&post=15824"}],"curies":[{"name":"wp","href":"https:\/\/api.w.org\/{rel}","templated":true}]}}