{"id":15827,"date":"2023-09-06T10:00:16","date_gmt":"2023-09-06T08:00:16","guid":{"rendered":"https:\/\/indeks.mk\/?p=15827"},"modified":"2023-09-06T10:00:16","modified_gmt":"2023-09-06T08:00:16","slug":"moderatorja-shqiptare-habit-me-deklaraten-nuk-do-jetoja-me-vjehrrit-ne-nje-shtepi-dua-te-rri-lakuriq","status":"publish","type":"post","link":"https:\/\/indeks.bilten.mk\/?p=15827","title":{"rendered":"Moderatorja shqiptare habit me deklarat\u00ebn: Nuk do jetoja me vjehrrit n\u00eb nj\u00eb sht\u00ebpi, dua t\u00eb rri lakuriq&#8230;"},"content":{"rendered":"<p><strong>Moderatorja Aulona Musta \u00ebsht\u00eb nj\u00eb nd\u00ebr personazhet m\u00eb t\u00eb njohur p\u00ebr publikun. Prezantuesja njihet p\u00ebr karakterin e saj t\u00eb drejtp\u00ebrdrejt\u00eb dhe vet\u00ebbesimin q\u00eb ka.<\/strong><\/p>\n<div><ins id=\"revive-0-2\" data-revive-zoneid=\"1020\" data-revive-id=\"0a5067886004a72d5b41c8f4bd9c2af9\" data-revive-seq=\"2\" data-revive-loaded=\"1\"><\/p>\n<div id=\"beacon_3ceb5deb4a\"><img loading=\"lazy\" decoding=\"async\" src=\"http:\/\/ads2.panorama.com.al\/www\/delivery\/lg.php?bannerid=0&amp;campaignid=0&amp;zoneid=1020&amp;loc=http%3A%2F%2Fwww.panorama.com.al%2Fpanoramaplus%2Fa-do-te-jetoje-me-vjehrrit-aulona-musta-jep-pergjigjen-e-prere-dua-te-rri-lakuriq-ne-shtepi-te-vendos-vete-per%2F&amp;referer=https%3A%2F%2Fwww.google.com%2F&amp;cb=3ceb5deb4a\" alt=\"\" width=\"0\" height=\"0\" \/>S\u00eb fundmi ajo ka realizuar nj\u00eb bised\u00eb virtuale me ndjek\u00ebsit e saj, ku ata i kan\u00eb drejtuar pyetje nga m\u00eb t\u00eb ndryshmet t\u00eb cilave ajo u \u00ebsht\u00eb p\u00ebrgjigjur me shum\u00eb sportivitet.<\/div>\n<p><\/ins><\/div>\n<p>Nj\u00eb nga pyetjet ishte se n\u00ebse do jetonte me vjehrrin dhe vjehrr\u00ebn. Aulona iu \u00ebsht\u00eb p\u00ebrgjigjur fanses, se si\u00e7 nuk d\u00ebshiron t\u00eb jetoj\u00eb me prind\u00ebrit e saj, nuk d\u00ebshiron t\u00eb jetoj\u00eb as me vjehrrit pasi \u00e7do \u00e7ift duhet t\u00eb jetoj\u00eb vet\u00ebm dhe t\u00eb vendosin vet\u00eb se \u00e7far\u00eb duhet t\u00eb b\u00ebjn\u00eb:<\/p>\n<p><em>\u201cJo. Nj\u00ebsoj si\u00e7 nuk do jetoja as me prind\u00ebrit e mi. Un\u00eb dua t\u00eb rri lakuriq n\u00eb sht\u00ebpi! T\u00eb zihem e pajtohem me burrin pa i dh\u00ebn\u00eb llogari njeriu dhe pa shqet\u00ebsuar njeri. Dua t\u00eb vendos vet\u00eb p\u00ebr f\u00ebmij\u00ebn tim, \u00e7far\u00eb do gatuaj p\u00ebr drek\u00eb, kur do e pastroj sht\u00ebpin\u00eb, etj, etj Un\u00eb kam vjehrrin dhe vjehrr\u00ebn m\u00eb t\u00eb mrekulluesh\u00ebm n\u00eb bot\u00eb, por gj\u00ebja m\u00eb e mir\u00eb p\u00ebr \u00e7do \u00e7ift esht\u00eb t\u00eb jetojn\u00eb vet\u00ebm!\u201d<\/em><\/p>\n<div><ins id=\"revive-0-3\" data-revive-zoneid=\"1020\" data-revive-id=\"0a5067886004a72d5b41c8f4bd9c2af9\" data-revive-seq=\"3\" data-revive-loaded=\"1\"><\/p>\n<div id=\"beacon_2f2bd0b1d6\"><\/div>\n<p><\/ins><\/div>\n","protected":false},"excerpt":{"rendered":"<p>Moderatorja Aulona Musta \u00ebsht\u00eb nj\u00eb nd\u00ebr personazhet m\u00eb t\u00eb njohur p\u00ebr publikun. Prezantuesja njihet p\u00ebr karakterin e saj t\u00eb drejtp\u00ebrdrejt\u00eb dhe vet\u00ebbesimin q\u00eb ka. S\u00eb<\/p>\n","protected":false},"author":14,"featured_media":15828,"comment_status":"open","ping_status":"open","sticky":false,"template":"","format":"standard","meta":{"footnotes":""},"categories":[49],"tags":[],"class_list":["post-15827","post","type-post","status-publish","format-standard","has-post-thumbnail","hentry","category-showbiz"],"_links":{"self":[{"href":"https:\/\/indeks.bilten.mk\/index.php?rest_route=\/wp\/v2\/posts\/15827","targetHints":{"allow":["GET"]}}],"collection":[{"href":"https:\/\/indeks.bilten.mk\/index.php?rest_route=\/wp\/v2\/posts"}],"about":[{"href":"https:\/\/indeks.bilten.mk\/index.php?rest_route=\/wp\/v2\/types\/post"}],"author":[{"embeddable":true,"href":"https:\/\/indeks.bilten.mk\/index.php?rest_route=\/wp\/v2\/users\/14"}],"replies":[{"embeddable":true,"href":"https:\/\/indeks.bilten.mk\/index.php?rest_route=%2Fwp%2Fv2%2Fcomments&post=15827"}],"version-history":[{"count":0,"href":"https:\/\/indeks.bilten.mk\/index.php?rest_route=\/wp\/v2\/posts\/15827\/revisions"}],"wp:featuredmedia":[{"embeddable":true,"href":"https:\/\/indeks.bilten.mk\/index.php?rest_route=\/wp\/v2\/media\/15828"}],"wp:attachment":[{"href":"https:\/\/indeks.bilten.mk\/index.php?rest_route=%2Fwp%2Fv2%2Fmedia&parent=15827"}],"wp:term":[{"taxonomy":"category","embeddable":true,"href":"https:\/\/indeks.bilten.mk\/index.php?rest_route=%2Fwp%2Fv2%2Fcategories&post=15827"},{"taxonomy":"post_tag","embeddable":true,"href":"https:\/\/indeks.bilten.mk\/index.php?rest_route=%2Fwp%2Fv2%2Ftags&post=15827"}],"curies":[{"name":"wp","href":"https:\/\/api.w.org\/{rel}","templated":true}]}}