{"id":15830,"date":"2023-09-06T10:52:43","date_gmt":"2023-09-06T08:52:43","guid":{"rendered":"https:\/\/indeks.mk\/?p=15830"},"modified":"2023-09-06T10:52:43","modified_gmt":"2023-09-06T08:52:43","slug":"plotesohet-kerkesa-e-vmro-dpmne-se-per-ndryshimin-e-kodit-penal","status":"publish","type":"post","link":"https:\/\/indeks.bilten.mk\/?p=15830","title":{"rendered":"Plot\u00ebsohet k\u00ebrkesa e VMRO-DPMNE-s\u00eb p\u00ebr ndryshimin e kodit penal"},"content":{"rendered":"<p>Qeveria i propozoi Kuvendit ndryshime n\u00eb Kodin Penal (KP) me t\u00eb cilat ulen d\u00ebnimet me burg p\u00ebr vepr\u00ebn e shp\u00ebrdorimit t\u00eb pozit\u00ebs dhe pushtetit zyrtar. Amendamentet e propozuara ligjore p\u00ebr KP jan\u00eb dor\u00ebzuar n\u00eb Kuvend me flamur europian dhe tashm\u00eb jan\u00eb futur n\u00eb rend dite.<\/p>\n<p>Sipas propozimit, dispozitat e nenit 353 p\u00ebr d\u00ebnimet me burgim s\u00eb paku tre dhe pes\u00eb vjet duhet t\u00eb shfuqizohen dhe n\u00eb vend t\u00eb tyre t\u00eb vendoset d\u00ebnimi me burgim nga nj\u00eb deri n\u00eb kat\u00ebr vjet.<\/p>\n<p>Me p\u00ebrcaktimin e kufirit t\u00eb sip\u00ebrm t\u00eb d\u00ebnimit t\u00eb mundsh\u00ebm me burg, hapet mund\u00ebsia e nj\u00eb parashkrimi edhe m\u00eb t\u00eb shpejt\u00eb, gj\u00eb q\u00eb tashm\u00eb \u00ebsht\u00eb b\u00ebr\u00eb praktik\u00eb n\u00eb \u00e7\u00ebshtjet gjyq\u00ebsore me ish-zyrtar\u00eb.<\/p>\n<p>Ndryshime t\u00eb tilla ligjore VMRO-DPMNE-ja i kishte k\u00ebrkuar n\u00eb vitin 2018 n\u00eb takimet e at\u00ebhershme t\u00eb kryesis\u00eb me Zoran Zaev dhe Hristijan Mickoski, me q\u00ebllim t\u00eb parashkrimit t\u00eb veprave t\u00eb ish-funksionar\u00ebve t\u00eb akuzuar nga Qeveria e Nikolla Gruevskit.<\/p>\n<p>N\u00eb vitin e ardhsh\u00ebm, 2019, avokati i t\u00eb akuzuarve Mile Janakieski dhe Nikola Gruevski pa sukses parashtroi iniciativ\u00eb n\u00eb Gjykat\u00ebn Kushtetuese p\u00ebr shfuqizimin ose anulimin e paragrafit 5 t\u00eb nenit 353 t\u00eb Kodit Penal, i cili i referohet veprave penale gjat\u00eb kryerjes s\u00eb prokurimi publik ose d\u00ebmtimi i mjeteve nga Buxheti i Maqedonis\u00eb, nga mjetet publike ose nga mjete t\u00eb tjera t\u00eb shtetit.<\/p>\n<p>Me propozimin aktual t\u00eb Qeveris\u00eb, ky paragraf fshihet.<\/p>\n<p>Kryeministri Dimitar Kova\u00e7evski i n\u00ebnshkroi propozim-amendamentet ligjore dhe n\u00eb shpjegimin thuhet se ato rrjedhin nga Programi nacional p\u00ebr miratimin e ligjit t\u00eb BE-s\u00eb.<\/p>\n<p>&nbsp;<\/p>\n","protected":false},"excerpt":{"rendered":"<p>Qeveria i propozoi Kuvendit ndryshime n\u00eb Kodin Penal (KP) me t\u00eb cilat ulen d\u00ebnimet me burg p\u00ebr vepr\u00ebn e shp\u00ebrdorimit t\u00eb pozit\u00ebs dhe pushtetit zyrtar.<\/p>\n","protected":false},"author":14,"featured_media":0,"comment_status":"open","ping_status":"open","sticky":false,"template":"","format":"standard","meta":{"footnotes":""},"categories":[44],"tags":[],"class_list":["post-15830","post","type-post","status-publish","format-standard","hentry","category-maqedoni"],"_links":{"self":[{"href":"https:\/\/indeks.bilten.mk\/index.php?rest_route=\/wp\/v2\/posts\/15830","targetHints":{"allow":["GET"]}}],"collection":[{"href":"https:\/\/indeks.bilten.mk\/index.php?rest_route=\/wp\/v2\/posts"}],"about":[{"href":"https:\/\/indeks.bilten.mk\/index.php?rest_route=\/wp\/v2\/types\/post"}],"author":[{"embeddable":true,"href":"https:\/\/indeks.bilten.mk\/index.php?rest_route=\/wp\/v2\/users\/14"}],"replies":[{"embeddable":true,"href":"https:\/\/indeks.bilten.mk\/index.php?rest_route=%2Fwp%2Fv2%2Fcomments&post=15830"}],"version-history":[{"count":0,"href":"https:\/\/indeks.bilten.mk\/index.php?rest_route=\/wp\/v2\/posts\/15830\/revisions"}],"wp:attachment":[{"href":"https:\/\/indeks.bilten.mk\/index.php?rest_route=%2Fwp%2Fv2%2Fmedia&parent=15830"}],"wp:term":[{"taxonomy":"category","embeddable":true,"href":"https:\/\/indeks.bilten.mk\/index.php?rest_route=%2Fwp%2Fv2%2Fcategories&post=15830"},{"taxonomy":"post_tag","embeddable":true,"href":"https:\/\/indeks.bilten.mk\/index.php?rest_route=%2Fwp%2Fv2%2Ftags&post=15830"}],"curies":[{"name":"wp","href":"https:\/\/api.w.org\/{rel}","templated":true}]}}