{"id":15832,"date":"2023-09-06T11:00:22","date_gmt":"2023-09-06T09:00:22","guid":{"rendered":"https:\/\/indeks.mk\/?p=15832"},"modified":"2023-09-06T11:00:22","modified_gmt":"2023-09-06T09:00:22","slug":"osmani-qytetaret-pro-ndryshimeve-kushtetuese-ska-zgjedhje-te-parakohshme","status":"publish","type":"post","link":"https:\/\/indeks.bilten.mk\/?p=15832","title":{"rendered":"Osmani: Qytetar\u00ebt pro ndryshimeve kushtetuese, s\u2019ka zgjedhje t\u00eb parakohshme"},"content":{"rendered":"<p>Qytetar\u00ebt e Maqedonis\u00eb s\u00eb Veriut po e mb\u00ebshtesin gjithnj\u00eb e m\u00eb shum\u00eb nevoj\u00ebn e votimit t\u00eb ndryshimeve kushtetuese, siguron ministri i Pun\u00ebve t\u00eb Jashtme, Bujar Osmani.<\/p>\n<p>Sipas tij, nuk ka asnj\u00eb shqet\u00ebsim real mes njer\u00ebzve.<\/p>\n<p>\u201cQytetar\u00ebt u b\u00ebn\u00eb peng t\u00eb t\u00eb gjitha shqisave me propagand\u00ebn m\u00eb \u00e7njer\u00ebzore kund\u00ebr tyre. G\u00ebnjejn\u00eb se do humbasin identitetin, g\u00ebnjejn\u00eb se do bullgarizohen. Ishte shum\u00eb e r\u00ebnd\u00ebsishme q\u00eb t\u00eb hapej nj\u00eb debat i plot\u00eb se cilat jan\u00eb ndryshimet kushtetuese. Mendoj se me p\u00ebrfundimin e debatit njer\u00ebzit jan\u00eb m\u00eb t\u00eb qet\u00eb p\u00ebr vet\u00eb procesin. E shihni q\u00eb nuk ka asnj\u00eb reagim. Kur ka pasur seanc\u00eb parlamentare nuk ka pasur protesta. N\u00ebse do t\u00eb kishte shqet\u00ebsim t\u00eb v\u00ebrtet\u00eb, njer\u00ebzit do t\u00eb kishin dal\u00eb dhe do t\u00eb protestonin si\u00e7 b\u00ebn\u00eb dje. \u00c7ka do t\u00eb thot\u00eb se e gjith\u00eb kjo opozit\u00eb ka nj\u00eb prapavij\u00eb politike n\u00eb sh\u00ebrbim t\u00eb zgjedhjeve t\u00eb ardhshme parlamentare. Por nuk ka asnj\u00eb zhg\u00ebnjim primar sepse e gjitha do t\u00eb ishte shfaqur. Ka zhg\u00ebnjime, ka pak\u00ebnaq\u00ebsi dhe mendoj se sa po vazhdon debati dhe po shpjegohen proceset, njer\u00ebzit jan\u00eb \u00e7do dit\u00eb m\u00eb t\u00eb relaksuar dhe mendoj se shum\u00eb shpejt do t\u00eb arrijm\u00eb n\u00eb at\u00eb pik\u00eb ku do t\u00eb ket\u00eb mb\u00ebshtetje m\u00eb t\u00eb gjer\u00eb\u201d, theksoi ministri i jasht\u00ebm Bujar Osmani n\u00eb Tetov\u00eb, ku po mbahet Konferenca e par\u00eb e OSBE-s\u00eb p\u00ebr barazin\u00eb gjinore dhe forcimin e rolit t\u00eb gruas.<\/p>\n<p>N\u00eb nj\u00eb konferenc\u00eb p\u00ebr media, duke iu p\u00ebrgjigjur pyetjeve t\u00eb gazetar\u00ebve p\u00ebr k\u00ebt\u00eb tem\u00eb, Osmani theksoi se zgjedhjet parlamentare do t\u00eb mbahen n\u00eb mandatin e rregullt, duke vler\u00ebsuar se \u00ebsht\u00eb \u00e7\u00ebshtje e mbyllur.<\/p>\n<p>N\u00eb pyetjen se a \u00ebsht\u00eb nj\u00eb akt fqinj\u00ebsie t\u00eb mir\u00eb q\u00eb Ministrja e Pun\u00ebve t\u00eb Jashtme t\u00eb Bullgaris\u00eb tha se do t\u00eb bllokoj\u00eb propozimin e K\u00ebshillit Amerikan p\u00ebr nj\u00eb muaj t\u00eb trash\u00ebgimis\u00eb amerikano-maqedonase, Osmani vler\u00ebsoi se diplomacia jon\u00eb d\u00ebrgon nj\u00eb mesazh tjet\u00ebr.<\/p>\n<p>N\u00eb kuad\u00ebr t\u00eb kryesimit t\u00eb Republik\u00ebs s\u00eb Maqedonis\u00eb s\u00eb Veriut me OSBE-n\u00eb, n\u00eb Tetov\u00eb u mbajt Konferenca e par\u00eb p\u00ebr barazi gjinore dhe p\u00ebrforcimin e rolit t\u00eb gruas.(INA)<\/p>\n","protected":false},"excerpt":{"rendered":"<p>Qytetar\u00ebt e Maqedonis\u00eb s\u00eb Veriut po e mb\u00ebshtesin gjithnj\u00eb e m\u00eb shum\u00eb nevoj\u00ebn e votimit t\u00eb ndryshimeve kushtetuese, siguron ministri i Pun\u00ebve t\u00eb Jashtme, Bujar<\/p>\n","protected":false},"author":14,"featured_media":15732,"comment_status":"open","ping_status":"open","sticky":false,"template":"","format":"standard","meta":{"footnotes":""},"categories":[44],"tags":[],"class_list":["post-15832","post","type-post","status-publish","format-standard","has-post-thumbnail","hentry","category-maqedoni"],"_links":{"self":[{"href":"https:\/\/indeks.bilten.mk\/index.php?rest_route=\/wp\/v2\/posts\/15832","targetHints":{"allow":["GET"]}}],"collection":[{"href":"https:\/\/indeks.bilten.mk\/index.php?rest_route=\/wp\/v2\/posts"}],"about":[{"href":"https:\/\/indeks.bilten.mk\/index.php?rest_route=\/wp\/v2\/types\/post"}],"author":[{"embeddable":true,"href":"https:\/\/indeks.bilten.mk\/index.php?rest_route=\/wp\/v2\/users\/14"}],"replies":[{"embeddable":true,"href":"https:\/\/indeks.bilten.mk\/index.php?rest_route=%2Fwp%2Fv2%2Fcomments&post=15832"}],"version-history":[{"count":0,"href":"https:\/\/indeks.bilten.mk\/index.php?rest_route=\/wp\/v2\/posts\/15832\/revisions"}],"wp:featuredmedia":[{"embeddable":true,"href":"https:\/\/indeks.bilten.mk\/index.php?rest_route=\/wp\/v2\/media\/15732"}],"wp:attachment":[{"href":"https:\/\/indeks.bilten.mk\/index.php?rest_route=%2Fwp%2Fv2%2Fmedia&parent=15832"}],"wp:term":[{"taxonomy":"category","embeddable":true,"href":"https:\/\/indeks.bilten.mk\/index.php?rest_route=%2Fwp%2Fv2%2Fcategories&post=15832"},{"taxonomy":"post_tag","embeddable":true,"href":"https:\/\/indeks.bilten.mk\/index.php?rest_route=%2Fwp%2Fv2%2Ftags&post=15832"}],"curies":[{"name":"wp","href":"https:\/\/api.w.org\/{rel}","templated":true}]}}