{"id":15834,"date":"2023-09-06T11:28:00","date_gmt":"2023-09-06T09:28:00","guid":{"rendered":"https:\/\/indeks.mk\/?p=15834"},"modified":"2023-09-06T11:28:00","modified_gmt":"2023-09-06T09:28:00","slug":"ahmeti-shpreh-ngushellime-per-vdekjen-e-nobelistit-ferid-murad-gjithmone-do-te-kujtohet-kontributi-i-tij-ne-mjekesi","status":"publish","type":"post","link":"https:\/\/indeks.bilten.mk\/?p=15834","title":{"rendered":"Ahmeti shpreh ngush\u00ebllime p\u00ebr vdekjen e nobelistit, Ferid Murad: Gjithmon\u00eb do t\u00eb kujtohet kontributi i tij n\u00eb mjek\u00ebsi"},"content":{"rendered":"<p>Kryetari i Bashkimit Demokratik p\u00ebr Integrim, Ali Ahmeti ka shprehur ngush\u00ebllime p\u00ebr vdekjen e nobelistit, shqiptaro-amerikan Ferid Murad.<\/p>\n<p>Ahmeti shkruan se Murad do t\u00eb kujtohet gjithmon\u00eb p\u00ebr kontributin e tij n\u00eb fush\u00ebn e mjek\u00ebsis\u00eb, madje edhe p\u00eb\u00ebrkund\u00ebr faktit q\u00eb ishte i lindur dhe i rritur n\u00eb SHBA, nuk harroi kurr\u00eb rr\u00ebnj\u00ebt e t\u00eb par\u00ebv\u00eb n\u00eb qytetin e Gostivarit.<\/p>\n<p>Statusi i plot\u00eb:<\/p>\n<p>Me keqardhje pranova lajmin p\u00ebr ndarjen nga jeta t\u00eb mjekut, farmacistit dhe shkenc\u00ebtarit me origjin\u00eb shqiptare dhe me fam\u00eb bot\u00ebrore, fituesit t\u00eb \u00e7mimit Nob\u00ebl p\u00ebr fiziologji dhe mjek\u00ebsi, z. Ferid Murad.<\/p>\n<p>I lindur dhe i rritur n\u00eb Shtetet e Bashkuara t\u00eb Amerik\u00ebs nuk i harroi asnj\u00ebher\u00eb rr\u00ebnj\u00ebt e t\u00eb par\u00ebve t\u00eb tij n\u00eb Llakavic\u00eb t\u00eb Gostivarit.<\/p>\n<p>Bota mbar\u00eb do ta kujtoj\u00eb gjithmon\u00eb p\u00ebr kontributin e tij n\u00eb fush\u00ebn e mjek\u00ebsis\u00eb p\u00ebr t\u00eb cilin n\u00eb vitin 1998 fitoi \u00e7mimin Nob\u00ebl.<\/p>\n<p>Shpreh ngush\u00ebllimet e mia t\u00eb sinqerta ndaj familjes, miqve dhe bashk\u00ebveprimtar\u00ebve t\u00eb tij.<\/p>\n<p>U preht\u00eb n\u00eb paqe!<\/p>\n<p><iframe loading=\"lazy\" src=\"https:\/\/www.facebook.com\/plugins\/post.php?href=https%3A%2F%2Fwww.facebook.com%2FAliAhmetiOfficial%2Fposts%2Fpfbid0ec9BTKKYtmnNsyTriVDnaDHUSDeD8s1z9GeWf73ZUzhycLPmQN3JhdHtPyBHP5Lnl&#038;show_text=true&#038;width=500\" width=\"500\" height=\"717\" style=\"border:none;overflow:hidden\" scrolling=\"no\" frameborder=\"0\" allowfullscreen=\"true\" allow=\"autoplay; clipboard-write; encrypted-media; picture-in-picture; web-share\"><\/iframe>&nbsp;<\/p>\n","protected":false},"excerpt":{"rendered":"<p>Kryetari i Bashkimit Demokratik p\u00ebr Integrim, Ali Ahmeti ka shprehur ngush\u00ebllime p\u00ebr vdekjen e nobelistit, shqiptaro-amerikan Ferid Murad. Ahmeti shkruan se Murad do t\u00eb kujtohet<\/p>\n","protected":false},"author":14,"featured_media":15835,"comment_status":"open","ping_status":"open","sticky":false,"template":"","format":"standard","meta":{"footnotes":""},"categories":[44],"tags":[],"class_list":["post-15834","post","type-post","status-publish","format-standard","has-post-thumbnail","hentry","category-maqedoni"],"_links":{"self":[{"href":"https:\/\/indeks.bilten.mk\/index.php?rest_route=\/wp\/v2\/posts\/15834","targetHints":{"allow":["GET"]}}],"collection":[{"href":"https:\/\/indeks.bilten.mk\/index.php?rest_route=\/wp\/v2\/posts"}],"about":[{"href":"https:\/\/indeks.bilten.mk\/index.php?rest_route=\/wp\/v2\/types\/post"}],"author":[{"embeddable":true,"href":"https:\/\/indeks.bilten.mk\/index.php?rest_route=\/wp\/v2\/users\/14"}],"replies":[{"embeddable":true,"href":"https:\/\/indeks.bilten.mk\/index.php?rest_route=%2Fwp%2Fv2%2Fcomments&post=15834"}],"version-history":[{"count":0,"href":"https:\/\/indeks.bilten.mk\/index.php?rest_route=\/wp\/v2\/posts\/15834\/revisions"}],"wp:featuredmedia":[{"embeddable":true,"href":"https:\/\/indeks.bilten.mk\/index.php?rest_route=\/wp\/v2\/media\/15835"}],"wp:attachment":[{"href":"https:\/\/indeks.bilten.mk\/index.php?rest_route=%2Fwp%2Fv2%2Fmedia&parent=15834"}],"wp:term":[{"taxonomy":"category","embeddable":true,"href":"https:\/\/indeks.bilten.mk\/index.php?rest_route=%2Fwp%2Fv2%2Fcategories&post=15834"},{"taxonomy":"post_tag","embeddable":true,"href":"https:\/\/indeks.bilten.mk\/index.php?rest_route=%2Fwp%2Fv2%2Ftags&post=15834"}],"curies":[{"name":"wp","href":"https:\/\/api.w.org\/{rel}","templated":true}]}}