{"id":15840,"date":"2023-09-06T13:16:25","date_gmt":"2023-09-06T11:16:25","guid":{"rendered":"https:\/\/indeks.mk\/?p=15840"},"modified":"2023-09-06T13:16:25","modified_gmt":"2023-09-06T11:16:25","slug":"video-bujar-osmani-jo-zgjedhje-te-parakohshme-ne-diplomaci-momentumi-eshte-shume-i-rendesishem","status":"publish","type":"post","link":"https:\/\/indeks.bilten.mk\/?p=15840","title":{"rendered":"VIDEO\/ Bujar Osmani: Jo zgjedhje t\u00eb parakohshme, n\u00eb diplomaci momentumi \u00ebsht\u00eb shum\u00eb i r\u00ebnd\u00ebsish\u00ebm"},"content":{"rendered":"<p>Tetova dje por edhe sot \u00ebsht\u00eb shnd\u00ebrruar n\u00eb qend\u00ebr nd\u00ebrkomb\u00ebtare t\u00eb bot\u00ebs, sepse pik\u00ebrisht n\u00eb Tetov\u00eb nga dita e djeshme, po q\u00ebndrojn\u00eb 57 p\u00ebrfaq\u00ebsues t\u00eb OSBE-s\u00eb.<br \/>\nI gjith\u00eb ky organizim, mban vul\u00ebn e Ministris\u00eb s\u00eb Pun\u00ebve t\u00eb Jashtme dhe ministrit Osmani q\u00eb edhe kryeson me OSEBE-n\u00eb. <\/p>\n<p>Gjat\u00eb rrug\u00ebs p\u00ebr Tetov\u00eb dit\u00ebn e djeshme, ishte pik\u00ebrisht portali indeks.mk q\u00eb e shoq\u00ebroi Osmanin dhe realizaum nj\u00eb intervist\u00eb n\u00eb nj\u00eb format ndryshe nga herat e kaluara. <\/p>\n<p>N\u00eb k\u00ebt\u00eb intervist\u00eb ekskluzive p\u00ebr indeks.mk, Osmani foli p\u00ebr p\u00ebrfitimet q\u00eb do ti ket\u00eb Maqedonia e Veriut n\u00eb rast t\u00eb integrimit sa m\u00eb t\u00eb shpejt\u00eb n\u00eb BE po edhe humbjet n\u00eb rast t\u00eb ngecjes. <\/p>\n<p>Foli edhe p\u00ebr ndryshimet Kushtetuese dhe faktin se VMRO-ja po i bllokon ato. <\/p>\n<p>Tha se VMRO-ja po k\u00ebrkon dhe po d\u00ebshiron q\u00eb \u00e7\u00ebshtja e ndryshimeve Kushtetuese t\u00eb jet\u00eb tem\u00eb krysore n\u00eb zgjedhjet e ardh\u00ebshme sepse sipas Osmanit kjo \u00ebsht\u00eb \u00e7\u00ebshtje e ndjeshme dhe emocionale q\u00eb nuk i lejon njer\u00ebzit t\u00eb mendojn\u00eb shum\u00eb. <\/p>\n<p>Sipas tij, kur ka emocion nuk ka arsye, \u201cEmocioni e mbyt arsyen\u201d. Shton se nuk \u00ebsht\u00eb koha p\u00ebr zgjedhje t\u00eb parakohshme dhe se pik\u00ebrisht VMRO-ja opozitare tenton q\u00eb zgjedhjet q\u00eb i k\u00ebrkon me ngulm ti kthej\u00eb n\u00eb nj\u00eb referendum p\u00ebr Bullgarin\u00eb, e q\u00eb sipas shefit t\u00eb diplomacis\u00eb nj\u00eb gj\u00eb e till\u00eb nuk do t\u00eb ndodh\u00eb.<\/p>\n<p> Kujton se zgjedhjet n\u00eb vendin ton\u00eb do t\u00eb mbahen n\u00eb afatin e rregullt dhe n\u00eb ato zgjedhje do t\u00eb zgjidhen dhe do t\u00eb fitojn\u00eb ata q\u00eb ia duan t\u00eb mir\u00ebn vendit dhe qytetar\u00ebve dhe se VMRO-ja n\u00eb munges\u00eb t\u00eb planit dhe projekteve strategjike d\u00ebshiron t\u00eb shkoj\u00eb n\u00eb zgjedhje me tem\u00ebn e ndryshimeve kushtetuese.<\/p>\n<p> Foli edhe p\u00ebr akuzat q\u00eb VMRO-ja i b\u00ebn n\u00eb adres\u00eb t\u00eb zyrtar\u00ebve t\u00eb em\u00ebruar nga BDI-ja n\u00eb k\u00ebt\u00eb p\u00ebrb\u00ebrje dhe p\u00ebr dor\u00ebheqjet e ofruara q\u00eb i k\u00ebrkoi VMRO-ja.\/Indeks.mk\/<br \/>\nP\u00ebr m\u00eb shum\u00eb, ndiqeni intervist\u00ebn e kryshefit t\u00eb diplomacis\u00eb, Bujar Osmani t\u00eb dh\u00ebn\u00eb p\u00ebr indeks.mk<\/p>\n<p><iframe loading=\"lazy\" src=\"https:\/\/www.facebook.com\/plugins\/video.php?height=314&#038;href=https%3A%2F%2Fwww.facebook.com%2Fwww.indeks.mk%2Fvideos%2F1009556086746846%2F&#038;show_text=false&#038;width=560&#038;t=0\" width=\"560\" height=\"314\" style=\"border:none;overflow:hidden\" scrolling=\"no\" frameborder=\"0\" allowfullscreen=\"true\" allow=\"autoplay; clipboard-write; encrypted-media; picture-in-picture; web-share\" allowFullScreen=\"true\"><\/iframe><\/p>\n","protected":false},"excerpt":{"rendered":"<p>Tetova dje por edhe sot \u00ebsht\u00eb shnd\u00ebrruar n\u00eb qend\u00ebr nd\u00ebrkomb\u00ebtare t\u00eb bot\u00ebs, sepse pik\u00ebrisht n\u00eb Tetov\u00eb nga dita e djeshme, po q\u00ebndrojn\u00eb 57 p\u00ebrfaq\u00ebsues t\u00eb<\/p>\n","protected":false},"author":14,"featured_media":0,"comment_status":"open","ping_status":"open","sticky":false,"template":"","format":"standard","meta":{"footnotes":""},"categories":[44],"tags":[],"class_list":["post-15840","post","type-post","status-publish","format-standard","hentry","category-maqedoni"],"_links":{"self":[{"href":"https:\/\/indeks.bilten.mk\/index.php?rest_route=\/wp\/v2\/posts\/15840","targetHints":{"allow":["GET"]}}],"collection":[{"href":"https:\/\/indeks.bilten.mk\/index.php?rest_route=\/wp\/v2\/posts"}],"about":[{"href":"https:\/\/indeks.bilten.mk\/index.php?rest_route=\/wp\/v2\/types\/post"}],"author":[{"embeddable":true,"href":"https:\/\/indeks.bilten.mk\/index.php?rest_route=\/wp\/v2\/users\/14"}],"replies":[{"embeddable":true,"href":"https:\/\/indeks.bilten.mk\/index.php?rest_route=%2Fwp%2Fv2%2Fcomments&post=15840"}],"version-history":[{"count":0,"href":"https:\/\/indeks.bilten.mk\/index.php?rest_route=\/wp\/v2\/posts\/15840\/revisions"}],"wp:attachment":[{"href":"https:\/\/indeks.bilten.mk\/index.php?rest_route=%2Fwp%2Fv2%2Fmedia&parent=15840"}],"wp:term":[{"taxonomy":"category","embeddable":true,"href":"https:\/\/indeks.bilten.mk\/index.php?rest_route=%2Fwp%2Fv2%2Fcategories&post=15840"},{"taxonomy":"post_tag","embeddable":true,"href":"https:\/\/indeks.bilten.mk\/index.php?rest_route=%2Fwp%2Fv2%2Ftags&post=15840"}],"curies":[{"name":"wp","href":"https:\/\/api.w.org\/{rel}","templated":true}]}}