{"id":15847,"date":"2023-09-06T13:29:47","date_gmt":"2023-09-06T11:29:47","guid":{"rendered":"https:\/\/indeks.mk\/?p=15847"},"modified":"2023-09-06T13:29:47","modified_gmt":"2023-09-06T11:29:47","slug":"sa-fole-ti-me-perplasen-ne-bide-e-moshuara-abuzohet-ne-azil-privat","status":"publish","type":"post","link":"https:\/\/indeks.bilten.mk\/?p=15847","title":{"rendered":"\u201cSa fole ti m\u00eb p\u00ebrplas\u00ebn n\u00eb bide\u201d, e moshuara abuzohet n\u00eb azil privat"},"content":{"rendered":"<p>Denoncimi i radh\u00ebs n\u00eb redaksin\u00eb e emisionit \u201cStop\u201d vjen nga zonja Nafije n\u00eb adres\u00eb t\u00eb azilit privat \u201cRrezet e Jet\u00ebs\u201d. N\u00eb k\u00ebt\u00eb sht\u00ebpi p\u00ebr kujdesin e t\u00eb moshuarve ishte akomoduar n\u00ebna e saj, e ndjera Kadrije Ruko, nga djali i madh.<\/p>\n<p>Sipas Nafijes, n\u00ebna 86-vje\u00e7are e paralizuar, \u00ebsht\u00eb dhunuar dhe abuzuar n\u00eb k\u00ebt\u00eb institucion. Nafija e vizitonte t\u00eb \u00ebm\u00ebn dhe kjo e fundit i thoshte, se e keqtrajtonin e nuk i jepnin p\u00ebr t\u00eb ngr\u00ebn\u00eb e p\u00ebr t\u00eb pir\u00eb.<\/p>\n<hr class=\"wp-block-separator has-alpha-channel-opacity\" \/>\n<p><iframe loading=\"lazy\" class=\"entered litespeed-loaded\" title=\"YouTube video player\" src=\"https:\/\/www.youtube.com\/embed\/IXxQTwrSvB8?si=cdSlSZlQZzKN4KBw\" width=\"560\" height=\"315\" frameborder=\"0\" allowfullscreen=\"allowfullscreen\" data-lazyloaded=\"1\" data-src=\"https:\/\/www.youtube.com\/embed\/IXxQTwrSvB8?si=cdSlSZlQZzKN4KBw\" data-ll-status=\"loaded\" data-mce-fragment=\"1\"><\/iframe><\/p>\n<hr class=\"wp-block-separator has-alpha-channel-opacity\" \/>\n<p><em>\u201cE gjeta n\u00eb gjendje t\u00eb r\u00ebnd\u00eb sh\u00ebndet\u00ebsore dhe duke qar\u00eb, por nuk m\u00eb tregonte se pse qante. Dyshoja. I ngrija pizhamet dhe ajo ishte me njolla t\u00eb zeza n\u00eb trup. T\u00eb motra dhe te v\u00ebllai nuk pati shenja asnj\u00ebher\u00eb. Se nj\u00eb i paralizuar nuk ka si t\u00eb vritet. Dyshova dhe i thash\u00eb \u00e7far\u00eb \u00ebsht\u00eb kjo k\u00ebshtu. N\u00ebna nuk fliste se kishte frik\u00eb nga ato q\u00eb e dhunonin. E dhunonin pa mas\u00eb. Un\u00eb vija e ushqeja se n\u00ebna ishte e uritur, pa uj\u00eb. N\u00ebna ime thoshte m\u2019u tha buza p\u00ebr uj\u00eb. Ato nuk i jepnin sepse nuk donin t\u2019i nd\u00ebrronin bebelinat. Gjej pronaren dhe e pyes. Vritet vet\u00eb thoshte\u201d,<\/em>\u00a0tregoi denoncuesja.<\/p>\n<p>Madje vet\u00eb Nafija konstatoi hematoma n\u00eb trupin e s\u00eb \u00ebm\u00ebs s\u00eb ndjer\u00eb. Zonja Nafije ka edhe fotografi, q\u00eb i ka b\u00ebr\u00eb s\u00eb \u00ebm\u00ebs ku duken shenjat e abuzimit.<\/p>\n<p><em>\u201cNuk kisha \u00e7far\u00eb t\u00eb b\u00ebja. E gjeta 5 her\u00eb t\u00eb vrar\u00eb. Nj\u00eb telefon e kisha n\u00eb sht\u00ebpi, ai ishte vet\u00ebm p\u00ebr foto, u detyrova u b\u00ebja foto n\u00eb fsheht\u00ebsi. Pash\u00eb k\u00ebmb\u00ebt n\u00ebn\u00ebs, i ngrita pizhamet, aty kam qar\u00eb me t\u00eb madhe se i kishin vrar\u00eb k\u00ebmb\u00ebn e djatht\u00eb e kishin b\u00ebr\u00eb copa-copa. Nafije m\u00eb tha mua, k\u00ebta t\u00eb dhunojn\u00eb, nuk t\u00eb ushqejn\u00eb, nuk t\u00eb japin nj\u00eb pik\u00eb uj\u00eb. Kur vija te n\u00ebna ime k\u00ebto e puthnin n\u00eb sy tim, ishin skemat. Kisha frik\u00eb sepse nj\u00eb her\u00eb u p\u00ebrplasa me k\u00ebt\u00eb Lilin dhe i thash\u00eb pse \u00ebsht\u00eb vrar\u00eb n\u00ebna. Vritet vet\u00eb. Nuk vritet vet\u00eb i thash\u00eb se ka 6 vjet e paralizuar, si vritet vet\u00eb k\u00ebtu i thash\u00eb un\u00eb. N\u00ebna iku dhe nuk kthehet m\u00eb, por atje ishte azili i vdekje, jo i jet\u00ebs. Atje shikoje vdekjen me sy\u201d,<\/em>\u00a0tha denoncuesja.<\/p>\n<p>Pas ndarjes nga jeta t\u00eb n\u00ebn\u00ebs, Nafija shkon t\u00eb marr\u00eb sendet e saj personale e t\u00eb gjej\u00eb p\u00ebrgjigje p\u00ebr pik\u00ebpyetjet, q\u00eb e mundojn\u00eb.<\/p>\n<p><em>\u201cAjo nuk tregonte se kishte shum\u00eb frik\u00eb nga ato. Ato tha t\u00eb sjellin me grusht n\u00eb kok\u00eb, n\u00eb krah\u00eb, n\u00eb k\u00ebm\u00ebb. Po si t\u00eb sjellin? Po t\u00eb t\u00eb tregoj ty m\u00eb vrasin m\u00eb keq tha. Ishte e pangr\u00ebn\u00eb, ishte e uritur. M\u00eb ka th\u00ebn\u00eb disa her\u00eb. Ato nuk i jepnin as ushqim dhe as uj\u00eb, n\u00ebna sa vinte dhe dob\u00ebsohej<\/em>\u201d, u shpreh denoncuesja.<\/p>\n<p>Nj\u00ebra nga punonj\u00ebset i thot\u00eb se nuk ia ka prekur t\u00eb \u00ebm\u00ebn, por kur e ka b\u00ebr\u00eb ta gjej\u00eb nga Zoti.<\/p>\n<p><strong>Qytetarja:<\/strong>\u00a0Si je?<\/p>\n<p><strong>Roja:<\/strong>\u00a0Hajde!<\/p>\n<p><strong>Qytetarja:<\/strong>\u00a0Si ke qen\u00eb? Mir\u00eb je me sh\u00ebndet?<\/p>\n<p><strong>Roja:<\/strong>\u00a0Mir\u00eb!<\/p>\n<p><strong>Punonj\u00ebsja:<\/strong>\u00a0Aty! Aty rri Nafije!<\/p>\n<p><strong>Qytetarja:<\/strong>\u00a0Dua t\u00eb marr \u00e7ik\u00eb ato gj\u00ebrat e mamit, se kam fol!<\/p>\n<p><strong>Punonj\u00ebsja:<\/strong>\u00a0Po! Po! Aty rri, te dera!<\/p>\n<p><strong>Roja:<\/strong>\u00a0Aty rri, se t\u2019i sjellin ato!<\/p>\n<p><strong>Qytetarja:<\/strong>\u00a0E mir\u00eb! Faleminderit!<\/p>\n<p><strong>Punonj\u00ebsja:<\/strong>\u00a0Si je Nafije? Mir\u00eb? A u qet\u00ebsuat noi \u00e7ik\u00eb?<\/p>\n<p><strong>Qytetarja:<\/strong>\u00a0Po si iku ajo n\u00ebna ime me plag\u00eb n\u00eb at\u00eb varr?<\/p>\n<p><strong>Punonj\u00ebsja:<\/strong>\u00a0N\u00ebn\u00ebn tate e kam peshuar un\u00eb.<\/p>\n<p><strong>Qytetarja:<\/strong>\u00a0Po \u00e7a peshove ti?!<\/p>\n<p><strong>Punonj\u00ebsja:<\/strong>\u00a0P\u00ebr Zotin e kam peshuar un\u00eb, nuk e\u2026, kam Zotin d\u00ebshmitar un\u00eb. N\u00ebn\u00ebn tate ta kam peshuar un\u00eb.<\/p>\n<p><strong>Qytetarja:<\/strong>\u00a0Pse dhunohesh n\u00ebna jon\u00eb? Pse ishte me plag\u00eb? Kjo m\u00eb ka ngelur pishman.<\/p>\n<p><strong>Punonj\u00ebsja:<\/strong>\u00a0N\u00ebna jote nuk u dhunua fare. N\u00ebna jote dhunonte veten, sepse u vriste ja\u2026 kam Zotin. Ajo\u2026<\/p>\n<p><strong>Qytetarja:<\/strong>\u00a0Pse s\u2019u vra 6 vjet e paralizuar?<\/p>\n<p><strong>Punonj\u00ebsja:<\/strong>\u00a0Po ajo, ajo s\u00ebmundje degradon, moj ti. S\u00ebmundja dita-dit\u00ebs degradon, moj. Shihe tjetr\u00ebn, se si \u00ebsht\u00eb vrar\u00eb atje! Nga krevati ka r\u00ebn\u00eb n\u00eb tok\u00eb.<\/p>\n<p><strong>Qytetarja:<\/strong>\u00a0N\u00ebna ime m\u00eb tha k\u00ebshtu. Ajo m\u00eb tha, \u201cNafije pse fole ti, dit\u00ebn tjet\u00ebr, ajo m\u00eb p\u00ebrplasi n\u00eb bide\u201d m\u00eb tha mua. P\u00ebr at\u00eb Zot lart!<\/p>\n<p><strong>Punonj\u00ebsja:<\/strong>\u00a0Asnj\u00ebher\u00eb n\u00eb bot\u00eb.<\/p>\n<p><strong>Qytetarja:<\/strong>\u00a0Po ja, jo s\u2019ishe ti, ishte ajo tjetra.<\/p>\n<p><strong>Punonj\u00ebsja:<\/strong>\u00a0Jo, jo! Harroje, se ndodh! Kush ta ket\u00eb b\u00ebr\u00eb, e ka Zotin lart, i vuajt pasojat!<\/p>\n<p><strong>Qytetarja:<\/strong>\u00a0Ajo m\u00eb tha dy her\u00eb \u201cNafije mos ik\u201d m\u00eb tha, \u201cse m\u00eb vrasin\u201d.<\/p>\n<p><strong>Punonj\u00ebsja:<\/strong>\u00a0E ke gabim. Ta ka th\u00ebn\u00eb kot, se nuk \u00ebsht\u00eb e v\u00ebrtet\u00eb kjo gj\u00eb.<\/p>\n<p>Nd\u00ebrsa Lili Sadaj, bashk\u00ebshortja e administratorit t\u00eb azilit \u201cRrezet e Jet\u00ebs\u201d, pretendon se e ndjera Kadrije, her\u00eb pas here b\u00ebnte veprime t\u00eb pakontrolluara.<\/p>\n<p><em>\u201cN\u00ebna Kadrija b\u00ebnte veprime t\u00eb pakontrolluara q\u00eb do t\u00eb thot\u00eb her\u00eb pas here godiste dor\u00ebn tek krevati, edhe kok\u00ebn, apo edhe tek karroca kur e nxirrnin zonjat p\u00ebr ta lar\u00eb, apo kur e nxirrnim n\u00eb verand\u00eb\u201d,<\/em>\u00a0tha ajo.<\/p>\n<p>Nga ana tjet\u00ebr, p\u00ebr doktorin e qendr\u00ebs Selim Ibrahimi, diagnoza ishte tension dhe probleme kardiake.<strong><em>\/tvklan.al<\/em><\/strong><\/p>\n","protected":false},"excerpt":{"rendered":"<p>Denoncimi i radh\u00ebs n\u00eb redaksin\u00eb e emisionit \u201cStop\u201d vjen nga zonja Nafije n\u00eb adres\u00eb t\u00eb azilit privat \u201cRrezet e Jet\u00ebs\u201d. N\u00eb k\u00ebt\u00eb sht\u00ebpi p\u00ebr kujdesin<\/p>\n","protected":false},"author":14,"featured_media":15848,"comment_status":"open","ping_status":"open","sticky":false,"template":"","format":"standard","meta":{"footnotes":""},"categories":[45],"tags":[],"class_list":["post-15847","post","type-post","status-publish","format-standard","has-post-thumbnail","hentry","category-rajoni"],"_links":{"self":[{"href":"https:\/\/indeks.bilten.mk\/index.php?rest_route=\/wp\/v2\/posts\/15847","targetHints":{"allow":["GET"]}}],"collection":[{"href":"https:\/\/indeks.bilten.mk\/index.php?rest_route=\/wp\/v2\/posts"}],"about":[{"href":"https:\/\/indeks.bilten.mk\/index.php?rest_route=\/wp\/v2\/types\/post"}],"author":[{"embeddable":true,"href":"https:\/\/indeks.bilten.mk\/index.php?rest_route=\/wp\/v2\/users\/14"}],"replies":[{"embeddable":true,"href":"https:\/\/indeks.bilten.mk\/index.php?rest_route=%2Fwp%2Fv2%2Fcomments&post=15847"}],"version-history":[{"count":0,"href":"https:\/\/indeks.bilten.mk\/index.php?rest_route=\/wp\/v2\/posts\/15847\/revisions"}],"wp:featuredmedia":[{"embeddable":true,"href":"https:\/\/indeks.bilten.mk\/index.php?rest_route=\/wp\/v2\/media\/15848"}],"wp:attachment":[{"href":"https:\/\/indeks.bilten.mk\/index.php?rest_route=%2Fwp%2Fv2%2Fmedia&parent=15847"}],"wp:term":[{"taxonomy":"category","embeddable":true,"href":"https:\/\/indeks.bilten.mk\/index.php?rest_route=%2Fwp%2Fv2%2Fcategories&post=15847"},{"taxonomy":"post_tag","embeddable":true,"href":"https:\/\/indeks.bilten.mk\/index.php?rest_route=%2Fwp%2Fv2%2Ftags&post=15847"}],"curies":[{"name":"wp","href":"https:\/\/api.w.org\/{rel}","templated":true}]}}