{"id":15850,"date":"2023-09-06T13:54:55","date_gmt":"2023-09-06T11:54:55","guid":{"rendered":"https:\/\/indeks.mk\/?p=15850"},"modified":"2023-09-06T13:58:47","modified_gmt":"2023-09-06T11:58:47","slug":"ndryshimet-ne-kodin-penal-kalajciev-me-denime-me-burg-si-ne-shekullin-xix-shtohen-problemet-nuk-zgjidhen","status":"publish","type":"post","link":"https:\/\/indeks.bilten.mk\/?p=15850","title":{"rendered":"Ndryshimet n\u00eb Kodin Penal, Kalajxhiev: Me d\u00ebnime me burg si n\u00eb shekullin XIX shtohen problemet, nuk zgjidhen!"},"content":{"rendered":"<p>\u00cbsht\u00eb m\u00eb mir\u00eb t\u00eb sigurohet q\u00eb abuzimet e detyrave zyrtare t\u00eb d\u00ebnohen m\u00eb shpesh sesa, si tani, t\u00eb d\u00ebnohet nj\u00eb n\u00eb nj\u00ebqind zyrtar\u00eb me nj\u00eb d\u00ebnim drakonian me burg, thot\u00eb profesori i s\u00eb drejt\u00ebs penale Gordan Kalajxhiev n\u00eb lidhje me ndryshimet e propozuara n\u00eb Kodin Penal, \u00a0t\u00eb cilat ulin d\u00ebnimet p\u00ebr veprat e shp\u00ebrdorimit t\u00eb detyr\u00ebs dhe autoritetit zyrtar, konkretisht neni 353 dhe bashkim kriminal, pra neni 394 i KP.<\/p>\n<p>Profesori thekson se prej koh\u00ebsh \u00ebsht\u00eb diskutuar p\u00ebr nenin 353 t\u00eb Kodit Penal, n\u00ebse \u00ebsht\u00eb shum\u00eb i gjer\u00eb dhe n\u00ebse interpretohet drejt.<\/p>\n<p>Sipas tij, neni \u00ebsht\u00eb interpretuar n\u00eb at\u00eb m\u00ebnyr\u00eb q\u00eb n\u00ebse ndodh d\u00ebmi \u00ebsht\u00eb korrupsion, kurse korrupsioni \u00ebsht\u00eb veprim p\u00ebr p\u00ebrfitim personal, dhe p\u00ebrve\u00e7 k\u00ebsaj, me deklarimin e d\u00ebmit t\u00eb shkaktuar pa p\u00ebrcaktuar kompensimin e atij d\u00ebmi, thelbi i k\u00ebtij krimi mungon.<\/p>\n<p>\u201cNe po rrisim d\u00ebnimet, po vendosim d\u00ebnime m\u00eb t\u00eb larta me burgim, dhe efikasiteti i politik\u00ebs penale nuk ia arrin q\u00ebllimit dhe po funksionon n\u00ebn presionin e publikut. Efekti nuk arrihet me d\u00ebnime t\u00eb rrepta dhe t\u00eb gjata me burg, por me d\u00ebnime t\u00eb rregullta, me sigurin\u00eb se d\u00ebnimi do t\u00eb vij\u00eb. Ata duhet t\u00eb jen\u00eb po aq t\u00eb sigurt p\u00ebr t&#8217;u kapur dhe nd\u00ebshkuar sa nj\u00eb merimang\u00eb \u00ebsht\u00eb e sigurt q\u00eb do t\u00eb mbledh\u00eb makin\u00ebn tuaj t\u00eb parkuar ilegalisht. Pra, p\u00ebr akte fitimprur\u00ebse, korruptive kund\u00ebr detyr\u00ebs zyrtare, \u00ebsht\u00eb m\u00eb e r\u00ebnd\u00ebsishme t\u00eb kesh qasje t\u00eb leht\u00eb n\u00eb konfiskimin e pasuris\u00eb sesa nj\u00eb d\u00ebnim t\u00eb lart\u00eb me burg. Frika nga d\u00ebnimi i r\u00ebnd\u00eb nuk jep efektin e d\u00ebshiruar, sepse n\u00ebse nj\u00eb n\u00eb 100 zyrtar\u00eb d\u00ebnohet, t\u00eb tjer\u00ebt rrezikojn\u00eb n\u00eb rrethana t\u00eb tilla, thon\u00eb me vete pse jo, mund\u00ebsia p\u00ebr t\u00eb p\u00ebrfituar \u00ebsht\u00eb e madhe dhe mund\u00ebsia e nd\u00ebshkimi i tyre \u00ebsht\u00eb i vog\u00ebl. \u00cbsht\u00eb shum\u00eb m\u00eb mir\u00eb t\u00eb ket\u00eb d\u00ebnime m\u00eb t\u00eb shpeshta dhe qasje m\u00eb t\u00eb leht\u00eb n\u00eb konfiskim t\u00eb zgjeruar t\u00eb pasuris\u00eb\u201d &#8211; thot\u00eb profesori Kalajxhiev p\u00ebr &#8220;Sloboden Pe\u00e7at&#8221;.<\/p>\n<p>Ai thot\u00eb se k\u00ebto ndryshime n\u00eb Kodin Penal leht\u00ebsojn\u00eb konfiskimin e zgjeruar t\u00eb pasuris\u00eb, gj\u00eb q\u00eb \u00ebsht\u00eb mir\u00eb.<\/p>\n<p>Sipas profesorit, tani \u00ebsht\u00eb e v\u00ebshtir\u00eb t\u00eb v\u00ebrtetohet se pasuria e caktuar \u00ebsht\u00eb fituar nga nj\u00eb krim dhe ndryshimet leht\u00ebsojn\u00eb barr\u00ebn e prov\u00ebs.<\/p>\n<p>&#8211; Nuk e di pse nuk e p\u00ebrshpejtojn\u00eb miratimin e ligjit p\u00ebr konfiskimin civil t\u00eb pron\u00ebs, ndoshta sepse nuk u p\u00eblqen politikan\u00ebve, kan\u00eb frik\u00eb nga nj\u00eb zgjidhje e till\u00eb. \u00cbsht\u00eb pjes\u00eb e ligjit liberal, shum\u00eb problematik dhe i kritikuar n\u00eb Per\u00ebndim, por gjithnj\u00eb e m\u00eb shum\u00eb vende po e p\u00ebrdorin at\u00eb. \u00cbsht\u00eb nj\u00eb mund\u00ebsi p\u00ebr t\u00eb konfiskuar pasurin\u00eb e fituar n\u00eb m\u00ebnyr\u00eb t\u00eb dyshimt\u00eb, pa konstatuar vep\u00ebr penale &#8211; thot\u00eb Kalajxhiev.<\/p>\n<p>Ai shton se \u00ebsht\u00eb avokat i nj\u00eb politike t\u00eb re penale dhe p\u00ebr rritjen e rolit t\u00eb gjykatave t\u00eb larta dhe prokurorive t\u00eb larta, t\u00eb cilat duhet t\u00eb veprojn\u00eb m\u00eb agresivisht me hetimet financiare dhe konfiskimet.<\/p>\n<p>-Me d\u00ebnime me burg si t\u00eb shekullit t\u00eb 19-t\u00eb, me burgime t\u00eb gjata nuk zgjidhet asgj\u00eb, p\u00ebrkundrazi, problemet vet\u00ebm shtohen, sepse burgjet tona jan\u00eb n\u00eb kushte katastrofike t\u00eb k\u00ebqija. Un\u00eb jam pro nj\u00eb ndryshimi t\u00eb plot\u00eb, politika penale p\u00ebr t\u00eb gjitha veprat e Kodit Penal t\u00eb ulet me nj\u00eb t\u00eb tret\u00ebn. Tashm\u00eb n\u00eb praktik\u00eb, n\u00eb rastet anonime gjykatat e p\u00ebrdorin shum\u00eb d\u00ebnimin me kusht, gj\u00eb q\u00eb nuk \u00ebsht\u00eb keq, por n\u00eb rastet e ekspozuara publikisht gjykojn\u00eb n\u00ebn presionin e publikut. Gjith\u00e7ka \u00ebsht\u00eb e kuptueshme, publiku reagon ndaj mosnd\u00ebshkimit afatgjat\u00eb t\u00eb zyrtar\u00ebve p\u00ebr abuzime t\u00eb ndryshme, por nuk \u00ebsht\u00eb \u00e7\u00ebshtja q\u00eb t\u00eb derdhet gjith\u00eb inati p\u00ebr rastin e par\u00eb t\u00eb m\u00ebpassh\u00ebm t\u00eb abuzimit, si\u00e7 \u00ebsht\u00eb tani shembulli me rastin e Onkologjis\u00eb. . Un\u00eb nuk po mbroj ask\u00ebnd, por edhe aktor\u00ebt n\u00eb k\u00ebt\u00eb rast jan\u00eb viktima t\u00eb sistemit jofunksional q\u00eb i ka l\u00ebn\u00eb n\u00eb gjendje shoku p\u00ebr t\u00eb kryer veprat p\u00ebr t\u00eb cilat jan\u00eb n\u00ebn hetim \u2013 tha Kalajxhiev.<\/p>\n<p>Lidhur me flamurin evropian me t\u00eb cilin ky amendament ligjor po shtyhet n\u00eb procedur\u00eb emergjente n\u00eb Kuvend, Kalajxhiev thot\u00eb se \u00ebsht\u00eb marr\u00eb edhe nga dispozitat e tjera q\u00eb jan\u00eb ndryshuar, t\u00eb cilat jan\u00eb n\u00eb respektim t\u00eb direktivave t\u00eb BE-s\u00eb dhe i referohen krimit mjedisor. , ekocidit dhe akteve t\u00eb tjera q\u00eb p\u00ebrfshihen n\u00eb ndryshimet ligjore.<\/p>\n<p>Propozimet p\u00ebr ndryshime ligjore n\u00eb KK jan\u00eb dor\u00ebzuar n\u00eb Kuvend pasditen e djeshme nga Qeveria. Nj\u00eb nga ndryshimet parashikon q\u00eb p\u00ebrdorimi i detyr\u00ebs zyrtare do t\u00eb d\u00ebnohet me burgim deri n\u00eb 4 vjet dhe vendosja e kufirit t\u00eb m\u00ebsip\u00ebrm p\u00ebr 4 vjet, por ai mund t\u00eb p\u00ebrfundoj\u00eb sa m\u00eb shpejt t\u00eb jet\u00eb e mundur dhe t\u00eb p\u00ebrfundoj\u00eb me zgjidhjen aktuale, sipas t\u00eb cilit ana tjet\u00ebr, d\u00ebnimi me burg p\u00ebrcaktohet si t\u00eb pakt\u00ebn tre vjet.<\/p>\n<p>Ndryshime t\u00eb ngjashme n\u00eb \u00a0ishin propozuar n\u00eb Kuvend edhe m\u00eb par\u00eb, n\u00eb periudh\u00ebn para votimit t\u00eb ndryshimeve kushtetuese p\u00ebr ndryshimin e emrit, por pas reagimeve t\u00eb furishme t\u00eb disa prej deputet\u00ebve t\u00eb asaj kohe, ligji u t\u00ebrhoq. Dhe propozimi aktual tashm\u00eb po shkakton reagime publike n\u00eb kuptimin se propozon nj\u00eb ligj q\u00eb do t\u00eb shp\u00ebtoj\u00eb zyrtar\u00ebt e pushtetit t\u00eb kaluar q\u00eb akuzohen p\u00ebr abuzime t\u00eb ndryshme p\u00ebr shp\u00ebrdorim t\u00eb detyr\u00ebs dhe pushtetit.<\/p>\n","protected":false},"excerpt":{"rendered":"<p>\u00cbsht\u00eb m\u00eb mir\u00eb t\u00eb sigurohet q\u00eb abuzimet e detyrave zyrtare t\u00eb d\u00ebnohen m\u00eb shpesh sesa, si tani, t\u00eb d\u00ebnohet nj\u00eb n\u00eb nj\u00ebqind zyrtar\u00eb me nj\u00eb<\/p>\n","protected":false},"author":14,"featured_media":15851,"comment_status":"open","ping_status":"open","sticky":false,"template":"","format":"standard","meta":{"footnotes":""},"categories":[44],"tags":[],"class_list":["post-15850","post","type-post","status-publish","format-standard","has-post-thumbnail","hentry","category-maqedoni"],"_links":{"self":[{"href":"https:\/\/indeks.bilten.mk\/index.php?rest_route=\/wp\/v2\/posts\/15850","targetHints":{"allow":["GET"]}}],"collection":[{"href":"https:\/\/indeks.bilten.mk\/index.php?rest_route=\/wp\/v2\/posts"}],"about":[{"href":"https:\/\/indeks.bilten.mk\/index.php?rest_route=\/wp\/v2\/types\/post"}],"author":[{"embeddable":true,"href":"https:\/\/indeks.bilten.mk\/index.php?rest_route=\/wp\/v2\/users\/14"}],"replies":[{"embeddable":true,"href":"https:\/\/indeks.bilten.mk\/index.php?rest_route=%2Fwp%2Fv2%2Fcomments&post=15850"}],"version-history":[{"count":0,"href":"https:\/\/indeks.bilten.mk\/index.php?rest_route=\/wp\/v2\/posts\/15850\/revisions"}],"wp:featuredmedia":[{"embeddable":true,"href":"https:\/\/indeks.bilten.mk\/index.php?rest_route=\/wp\/v2\/media\/15851"}],"wp:attachment":[{"href":"https:\/\/indeks.bilten.mk\/index.php?rest_route=%2Fwp%2Fv2%2Fmedia&parent=15850"}],"wp:term":[{"taxonomy":"category","embeddable":true,"href":"https:\/\/indeks.bilten.mk\/index.php?rest_route=%2Fwp%2Fv2%2Fcategories&post=15850"},{"taxonomy":"post_tag","embeddable":true,"href":"https:\/\/indeks.bilten.mk\/index.php?rest_route=%2Fwp%2Fv2%2Ftags&post=15850"}],"curies":[{"name":"wp","href":"https:\/\/api.w.org\/{rel}","templated":true}]}}