{"id":15855,"date":"2023-09-06T14:13:25","date_gmt":"2023-09-06T12:13:25","guid":{"rendered":"https:\/\/indeks.mk\/?p=15855"},"modified":"2023-09-06T14:13:41","modified_gmt":"2023-09-06T12:13:41","slug":"bekteshi-qytetaret-e-shkupit-do-te-kene-ngrohje-nga-15-tetori-deri-ne-fund-te-sezonit","status":"publish","type":"post","link":"https:\/\/indeks.bilten.mk\/?p=15855","title":{"rendered":"Bekteshi: Qytetar\u00ebt e Shkupit do t\u00eb ken\u00eb ngrohje nga 15 tetori deri n\u00eb fund t\u00eb sezonit"},"content":{"rendered":"<p>\u201cQytetar\u00ebt e Shkupit do t\u00eb ken\u00eb energji termike prej 15 tetorit deri n\u00eb fund t\u00eb sezonit t\u00eb ngrohjes, nd\u00ebrsa EMV \u00ebsht\u00eb e gatshme t\u00eb intervenoj\u00eb n\u00eb ur\u00ebn \u201cBelasica\u201d n\u00eb pjes\u00ebn e tubacionit t\u00eb ngrohjes menj\u00ebher\u00eb pas marrjes s\u00eb lejeve p\u00ebrkat\u00ebse nga Qyteti i Shkupit\u201d.<\/p>\n<div class=\"code-block code-block-43 code-block-pas-paragrafit-2t-inarticle\">\n<div>\n<div class=\"code-block-label\">K\u00ebshtu ka th\u00ebn\u00eb sot ministri i Ekonomis\u00eb, Kreshnik Bekteshi, kur u pyet n\u00eb lidhje me sezonin e ngrohjes p\u00ebr k\u00ebt\u00eb vit. Ai tha se EMV \u00ebsht\u00eb gati t\u00eb rregulloj\u00eb problemet.<\/div>\n<\/div>\n<\/div>\n<p>\u201cEMV \u00ebsht\u00eb gati q\u00eb nga nes\u00ebr ta rregulloj\u00eb situat\u00ebn, vet\u00ebm presin leje t\u00eb caktuara nga Bashkia e Shkupit. Sapo t\u2019i ken\u00eb ato leje, nes\u00ebr do t\u00eb fillojn\u00eb pun\u00ebn p\u00ebr riparimin e ur\u00ebs s\u00eb furnizimit me energji termike\u201d, tha Bekteshi.<\/p>\n<p>Ai theksoi se ESM \u00ebsht\u00eb e gatshme q\u00eb nga nes\u00ebr ta riparoj\u00eb vendin n\u00eb ur\u00eb ku duhet t\u00eb kaloj\u00eb tubi i ngrohjes, por p\u00ebr k\u00ebt\u00eb duhet fillimisht t\u00eb p\u00ebrfundojn\u00eb procedurat n\u00eb Bashkin\u00eb e Shkupit, t\u00eb cilat, si\u00e7 tha ai, jan\u00eb t\u00eb nevojshme sipas njohurive q\u00eb ata i kan\u00eb si Ministri e Ekonomis\u00eb.<\/p>\n","protected":false},"excerpt":{"rendered":"<p>\u201cQytetar\u00ebt e Shkupit do t\u00eb ken\u00eb energji termike prej 15 tetorit deri n\u00eb fund t\u00eb sezonit t\u00eb ngrohjes, nd\u00ebrsa EMV \u00ebsht\u00eb e gatshme t\u00eb intervenoj\u00eb<\/p>\n","protected":false},"author":14,"featured_media":0,"comment_status":"open","ping_status":"open","sticky":false,"template":"","format":"standard","meta":{"footnotes":""},"categories":[44],"tags":[],"class_list":["post-15855","post","type-post","status-publish","format-standard","hentry","category-maqedoni"],"_links":{"self":[{"href":"https:\/\/indeks.bilten.mk\/index.php?rest_route=\/wp\/v2\/posts\/15855","targetHints":{"allow":["GET"]}}],"collection":[{"href":"https:\/\/indeks.bilten.mk\/index.php?rest_route=\/wp\/v2\/posts"}],"about":[{"href":"https:\/\/indeks.bilten.mk\/index.php?rest_route=\/wp\/v2\/types\/post"}],"author":[{"embeddable":true,"href":"https:\/\/indeks.bilten.mk\/index.php?rest_route=\/wp\/v2\/users\/14"}],"replies":[{"embeddable":true,"href":"https:\/\/indeks.bilten.mk\/index.php?rest_route=%2Fwp%2Fv2%2Fcomments&post=15855"}],"version-history":[{"count":0,"href":"https:\/\/indeks.bilten.mk\/index.php?rest_route=\/wp\/v2\/posts\/15855\/revisions"}],"wp:attachment":[{"href":"https:\/\/indeks.bilten.mk\/index.php?rest_route=%2Fwp%2Fv2%2Fmedia&parent=15855"}],"wp:term":[{"taxonomy":"category","embeddable":true,"href":"https:\/\/indeks.bilten.mk\/index.php?rest_route=%2Fwp%2Fv2%2Fcategories&post=15855"},{"taxonomy":"post_tag","embeddable":true,"href":"https:\/\/indeks.bilten.mk\/index.php?rest_route=%2Fwp%2Fv2%2Ftags&post=15855"}],"curies":[{"name":"wp","href":"https:\/\/api.w.org\/{rel}","templated":true}]}}