{"id":15861,"date":"2023-09-06T14:41:02","date_gmt":"2023-09-06T12:41:02","guid":{"rendered":"https:\/\/indeks.mk\/?p=15861"},"modified":"2023-09-06T14:41:02","modified_gmt":"2023-09-06T12:41:02","slug":"zhvishet-ish-miss-kosova-djeg-miamin-me-foto-provokative-foto","status":"publish","type":"post","link":"https:\/\/indeks.bilten.mk\/?p=15861","title":{"rendered":"Zhvishet ish-miss Kosova \u2018djeg\u2019 Miamin me foto provokative (FOTO)"},"content":{"rendered":"<div class=\"single__content\">\n<p>Ish-Miss Univerese Kosova 2020, Blerta Veseli sot feston dit\u00eblindjen.<ins><\/ins><\/p>\n<p>Bukuroshja nga Gjilani, n\u00eb dit\u00ebs e saj, ka vendosur t\u00eb na qeras me disa foto t\u00eb zjarrta nga plazhi i Miamit, ku edhe \u00ebsht\u00eb duke jetuar dhe zhvilluar karrier\u00ebn.<\/p>\n<p>Blerta, tashm\u00eb ka arritur t\u00eb krijoj\u00eb em\u00ebr n\u00eb industrin\u00eb e mod\u00ebs n\u00eb Amerik\u00eb.<\/p>\n<p>Ajo n\u00eb muajt e fundit ka shijuar paraqitjet e suksesshme e \u201cNew York Fashion Week\u201d, \u201cMiami Swim Week\u201d dhe disa evente tjera t\u00eb r\u00ebnd\u00ebsishme nd\u00ebrkomb\u00ebtare.<ins><\/ins><\/p>\n<p>Paraqitja e saj e fundit mbres\u00ebl\u00ebn\u00ebse ka qen\u00eb n\u00eb fund t\u00eb muajt gusht, kur bukuroshja kosovare u ekspozua e mbuluar me diamante n\u00eb ballin\u00ebn e revist\u00ebs \u201cHarper\u2019s Bazaar\u201d.<\/p>\n<p><img loading=\"lazy\" decoding=\"async\" class=\"alignnone size-medium wp-image-15862\" src=\"https:\/\/indeks.mk\/wp-content\/uploads\/2023\/09\/11-240x300.jpg\" alt=\"\" width=\"240\" height=\"300\" \/><\/p>\n<p><img loading=\"lazy\" decoding=\"async\" class=\"alignnone size-medium wp-image-15863\" src=\"https:\/\/indeks.mk\/wp-content\/uploads\/2023\/09\/12-200x300.jpg\" alt=\"\" width=\"200\" height=\"300\" \/><\/p>\n<figure class=\"wp-block-image size-large\"><img decoding=\"async\" class=\"wp-image-2184926\" src=\"https:\/\/www.gazetaexpress.com\/wp-content\/uploads\/2023\/09\/2-6-480x600.jpg\" sizes=\"(max-width: 480px) 100vw, 480px\" srcset=\"https:\/\/www.gazetaexpress.com\/wp-content\/uploads\/2023\/09\/2-6-480x600.jpg 480w, https:\/\/www.gazetaexpress.com\/wp-content\/uploads\/2023\/09\/2-6-240x300.jpg 240w, https:\/\/www.gazetaexpress.com\/wp-content\/uploads\/2023\/09\/2-6-768x960.jpg 768w, https:\/\/www.gazetaexpress.com\/wp-content\/uploads\/2023\/09\/2-6-1229x1536.jpg 1229w, https:\/\/www.gazetaexpress.com\/wp-content\/uploads\/2023\/09\/2-6-147x184.jpg 147w, https:\/\/www.gazetaexpress.com\/wp-content\/uploads\/2023\/09\/2-6.jpg 1638w\" alt=\"\" \/><\/figure>\n<figure class=\"wp-block-image size-large\"><img decoding=\"async\" class=\"wp-image-2184927\" src=\"https:\/\/www.gazetaexpress.com\/wp-content\/uploads\/2023\/09\/1-16-400x600.jpg\" sizes=\"(max-width: 400px) 100vw, 400px\" srcset=\"https:\/\/www.gazetaexpress.com\/wp-content\/uploads\/2023\/09\/1-16-400x600.jpg 400w, https:\/\/www.gazetaexpress.com\/wp-content\/uploads\/2023\/09\/1-16-200x300.jpg 200w, https:\/\/www.gazetaexpress.com\/wp-content\/uploads\/2023\/09\/1-16-768x1151.jpg 768w, https:\/\/www.gazetaexpress.com\/wp-content\/uploads\/2023\/09\/1-16-1025x1536.jpg 1025w, https:\/\/www.gazetaexpress.com\/wp-content\/uploads\/2023\/09\/1-16-123x184.jpg 123w, https:\/\/www.gazetaexpress.com\/wp-content\/uploads\/2023\/09\/1-16.jpg 1366w\" alt=\"\" \/><\/figure>\n<p>&nbsp;<\/p>\n<p>&nbsp;<\/p>\n<div class=\"lm-zs-enabled overlay-plain\" data-lm-zs-src=\"[&quot;https:\/\/www.gazetaexpress.com\/wp-content\/uploads\/2023\/09\/Capture-64.jpg&quot;, &quot;https:\/\/www.gazetaexpress.com\/wp-content\/uploads\/2023\/09\/beach-1836467_1920.jpg&quot;, &quot;https:\/\/www.gazetaexpress.com\/wp-content\/uploads\/2023\/09\/Capture-63.jpg&quot;, &quot;https:\/\/www.gazetaexpress.com\/wp-content\/uploads\/2023\/09\/ZKM-6-9-2023-7.jpg&quot;]\">\n<div class=\"lm-zs-slideshow\">\n<div class=\"lm-click-for-story\">\n<div class=\"lm-click-for-right-story\"><\/div>\n<\/div>\n<div class=\"lm-zs-slides\">\n<div class=\"lm-zs-slide lm-zs-slide-1\"><\/div>\n<div class=\"lm-zs-slide lm-zs-slide-2\"><\/div>\n<div class=\"lm-zs-slide lm-zs-slide-3\"><\/div>\n<\/div>\n<div class=\"lm-zs-bullets\">\n<div class=\"lm-zs-bullet lm-zs-bullet-0 active\"><\/div>\n<div class=\"lm-zs-bullet lm-zs-bullet-1\"><\/div>\n<div class=\"lm-zs-bullet lm-zs-bullet-2\"><\/div>\n<div class=\"lm-zs-bullet lm-zs-bullet-3\"><\/div>\n<\/div>\n<\/div>\n<\/div>\n<\/div>\n","protected":false},"excerpt":{"rendered":"<p>Ish-Miss Univerese Kosova 2020, Blerta Veseli sot feston dit\u00eblindjen. Bukuroshja nga Gjilani, n\u00eb dit\u00ebs e saj, ka vendosur t\u00eb na qeras me disa foto t\u00eb<\/p>\n","protected":false},"author":14,"featured_media":15864,"comment_status":"open","ping_status":"open","sticky":false,"template":"","format":"standard","meta":{"footnotes":""},"categories":[49],"tags":[],"class_list":["post-15861","post","type-post","status-publish","format-standard","has-post-thumbnail","hentry","category-showbiz"],"_links":{"self":[{"href":"https:\/\/indeks.bilten.mk\/index.php?rest_route=\/wp\/v2\/posts\/15861","targetHints":{"allow":["GET"]}}],"collection":[{"href":"https:\/\/indeks.bilten.mk\/index.php?rest_route=\/wp\/v2\/posts"}],"about":[{"href":"https:\/\/indeks.bilten.mk\/index.php?rest_route=\/wp\/v2\/types\/post"}],"author":[{"embeddable":true,"href":"https:\/\/indeks.bilten.mk\/index.php?rest_route=\/wp\/v2\/users\/14"}],"replies":[{"embeddable":true,"href":"https:\/\/indeks.bilten.mk\/index.php?rest_route=%2Fwp%2Fv2%2Fcomments&post=15861"}],"version-history":[{"count":0,"href":"https:\/\/indeks.bilten.mk\/index.php?rest_route=\/wp\/v2\/posts\/15861\/revisions"}],"wp:featuredmedia":[{"embeddable":true,"href":"https:\/\/indeks.bilten.mk\/index.php?rest_route=\/wp\/v2\/media\/15864"}],"wp:attachment":[{"href":"https:\/\/indeks.bilten.mk\/index.php?rest_route=%2Fwp%2Fv2%2Fmedia&parent=15861"}],"wp:term":[{"taxonomy":"category","embeddable":true,"href":"https:\/\/indeks.bilten.mk\/index.php?rest_route=%2Fwp%2Fv2%2Fcategories&post=15861"},{"taxonomy":"post_tag","embeddable":true,"href":"https:\/\/indeks.bilten.mk\/index.php?rest_route=%2Fwp%2Fv2%2Ftags&post=15861"}],"curies":[{"name":"wp","href":"https:\/\/api.w.org\/{rel}","templated":true}]}}