{"id":15866,"date":"2023-09-06T14:44:45","date_gmt":"2023-09-06T12:44:45","guid":{"rendered":"https:\/\/indeks.mk\/?p=15866"},"modified":"2023-09-06T14:44:45","modified_gmt":"2023-09-06T12:44:45","slug":"zbulohen-tre-skuadrat-angleze-qe-joao-felix-refuzoi-per-tiu-bashkuar-barcelones","status":"publish","type":"post","link":"https:\/\/indeks.bilten.mk\/?p=15866","title":{"rendered":"Zbulohen tre skuadrat angleze q\u00eb Joao Felix refuzoi p\u00ebr t\u2019iu bashkuar Barcelon\u00ebs"},"content":{"rendered":"<p><strong>Joao Felix ka kompletuar huazimin te Barcelona n\u00eb dit\u00ebn e fundit t\u00eb afatit kalimtar veror nga Atletico Madrid.<\/strong><\/p>\n<div class=\"code-block code-block-43 code-block-pas-paragrafit-2t-inarticle\">\n<div>\n<div class=\"code-block-label\">D\u00ebshira e portugezit ishte vet\u00ebm Barcelona dhe p\u00ebrkund\u00ebr ofertave t\u00eb tjera ai priti deri n\u00eb fund p\u00ebr t\u2019iu bashkuar katalunasve.<\/div>\n<\/div>\n<\/div>\n<p>Felix n\u00eb momentin e prezantimit te gjiganti katalunas deklaroi se ka b\u00ebr\u00eb realitet nj\u00eb \u00ebnd\u00ebrr f\u00ebmij\u00ebrore.<\/p>\n<div class=\"related-to-article\">\n<div class=\"related-article-i\">\n<div class=\"clearfix\">\u201cT\u00eb gjith\u00eb e din\u00eb se sa i lumtur jam. Un\u00eb kam punuar p\u00ebr t\u00eb qen\u00eb n\u00eb k\u00ebt\u00eb klub. \u00cbsht\u00eb nj\u00eb \u00ebnd\u00ebrr e f\u00ebmij\u00ebris\u00eb, kam ardhur k\u00ebtu p\u00ebr t\u00eb ndihmuar dhe shpresoj se do t\u00eb jet\u00eb nj\u00eb sezon i mrekulluesh\u00ebm\u201d, tha Felix n\u00eb momentin e prezantimit.<\/div>\n<\/div>\n<\/div>\n<p>Por tani mediumi spanjoll Mundo Deportivo ka zbuluar se Felix ka refuzuar tre skuadra nga Liga Premier p\u00ebr Barcelon\u00ebn.<\/p>\n<div class=\"related-to-article\">\n<div class=\"related-article-i\">\n<div class=\"clearfix\">Manchester United, Aston Villa dhe Liverpool ishin tre skuadrat q\u00eb tentuan transferimin e portugezit, por vet Felix ishte ai q\u00eb i refuzoi.<\/div>\n<\/div>\n<\/div>\n<div class=\"ai-viewport-1\" data-insertion-position=\"prepend\" data-selector=\".ai-insert-1-29407167\" data-insertion-no-dbg=\"\" data-code=\"PGRpdiBjbGFzcz0nY29kZS1ibG9jayBjb2RlLWJsb2NrLTEgY29kZS1ibG9jay1pbmFydGljbGUtZGVza3RvcCcgc3R5bGU9J21hcmdpbjogOHB4IGF1dG87IHRleHQtYWxpZ246IGNlbnRlcjsgZGlzcGxheTogYmxvY2s7IGNsZWFyOiBib3RoOyB3aWR0aDogMzAwcHg7IGhlaWdodDogNDIwcHg7IGJhY2tncm91bmQtY29sb3I6ICNmZmZmZmY7Jz4KPGRpdiBzdHlsZT0icG9zaXRpb246IHN0aWNreTsgdG9wOiAxNXB4OyI+CjxkaXYgY2xhc3M9ImNvZGUtYmxvY2stbGFiZWwiPlJla2xhbWE8L2Rpdj4KPGRpdiBkYXRhLWFkLXVuaXQtaWQ9Ii8yMjY0NjY1NzExOC9Jbi1hcnRpY2xlX2JveF8yIj48L2Rpdj4KPC9kaXY+CjxkaXYgc3R5bGU9IiBoZWlnaHQ6IDM5MHB4OyI+PC9kaXY+CjwvZGl2Pgo=\" data-block=\"1\">\n<div class=\"code-block code-block-1 code-block-inarticle-desktop\">\n<div>\n<div><\/div>\n<div class=\"code-block-label\">P\u00ebr m\u00eb tep\u00ebr \u2018The Reds\u2019 ishin t\u00eb gatsh\u00ebm p\u00ebr nj\u00eb shk\u00ebmbim mes tij dhe Darwin Nunez. Por, n\u00eb fund gjith\u00e7ka shkoi sipas planeve t\u00eb Felix i cili ishte i qart\u00eb p\u00ebr objektivin e tij dhe iden\u00eb p\u00ebr t\u00eb luajtur vet\u00ebm me Bar\u00e7\u00ebn. <strong>\/Telegrafi\/<\/strong><\/div>\n<\/div>\n<\/div>\n<\/div>\n","protected":false},"excerpt":{"rendered":"<p>Joao Felix ka kompletuar huazimin te Barcelona n\u00eb dit\u00ebn e fundit t\u00eb afatit kalimtar veror nga Atletico Madrid. D\u00ebshira e portugezit ishte vet\u00ebm Barcelona dhe<\/p>\n","protected":false},"author":14,"featured_media":15867,"comment_status":"open","ping_status":"open","sticky":false,"template":"","format":"standard","meta":{"footnotes":""},"categories":[48],"tags":[],"class_list":["post-15866","post","type-post","status-publish","format-standard","has-post-thumbnail","hentry","category-sport"],"_links":{"self":[{"href":"https:\/\/indeks.bilten.mk\/index.php?rest_route=\/wp\/v2\/posts\/15866","targetHints":{"allow":["GET"]}}],"collection":[{"href":"https:\/\/indeks.bilten.mk\/index.php?rest_route=\/wp\/v2\/posts"}],"about":[{"href":"https:\/\/indeks.bilten.mk\/index.php?rest_route=\/wp\/v2\/types\/post"}],"author":[{"embeddable":true,"href":"https:\/\/indeks.bilten.mk\/index.php?rest_route=\/wp\/v2\/users\/14"}],"replies":[{"embeddable":true,"href":"https:\/\/indeks.bilten.mk\/index.php?rest_route=%2Fwp%2Fv2%2Fcomments&post=15866"}],"version-history":[{"count":0,"href":"https:\/\/indeks.bilten.mk\/index.php?rest_route=\/wp\/v2\/posts\/15866\/revisions"}],"wp:featuredmedia":[{"embeddable":true,"href":"https:\/\/indeks.bilten.mk\/index.php?rest_route=\/wp\/v2\/media\/15867"}],"wp:attachment":[{"href":"https:\/\/indeks.bilten.mk\/index.php?rest_route=%2Fwp%2Fv2%2Fmedia&parent=15866"}],"wp:term":[{"taxonomy":"category","embeddable":true,"href":"https:\/\/indeks.bilten.mk\/index.php?rest_route=%2Fwp%2Fv2%2Fcategories&post=15866"},{"taxonomy":"post_tag","embeddable":true,"href":"https:\/\/indeks.bilten.mk\/index.php?rest_route=%2Fwp%2Fv2%2Ftags&post=15866"}],"curies":[{"name":"wp","href":"https:\/\/api.w.org\/{rel}","templated":true}]}}