{"id":15872,"date":"2023-09-06T14:51:58","date_gmt":"2023-09-06T12:51:58","guid":{"rendered":"https:\/\/indeks.mk\/?p=15872"},"modified":"2023-09-06T14:51:58","modified_gmt":"2023-09-06T12:51:58","slug":"njihuni-me-babain-e-fifi-t-ai-festoi-ditelindjen-dhe-keshtu-e-uroi-e-bija-foto","status":"publish","type":"post","link":"https:\/\/indeks.bilten.mk\/?p=15872","title":{"rendered":"Njihuni me babain e Fifi-t, ai festoi dit\u00eblindjen dhe k\u00ebshtu e uroi e bija&#8230; (FOTO)"},"content":{"rendered":"<p><strong>K\u00ebng\u00ebtarja njohur Fifi ka ndar\u00eb disa momente nga dit\u00eblindja e babait t\u00eb saj.<\/strong><\/p>\n<p>Fifi n\u00eb publik ka treguar se babi saj \u00ebsht\u00eb shum\u00eb i r\u00ebnd\u00ebsish\u00ebm p\u00ebr t\u00eb, dhe nuk mungoi urimi p\u00ebr ket\u00eb dit\u00eblindje, duke i uruar m\u00eb t\u00eb mirat p\u00ebr t\u00eb, shkruan\u00a0<strong>\u201cKosovarja\u201d<\/strong>.<\/p>\n<p>&nbsp;<\/p>\n<p><img loading=\"lazy\" decoding=\"async\" class=\"aligncenter size-full wp-image-496670\" src=\"https:\/\/i0.wp.com\/www.kosovarja-ks.com\/wp-content\/uploads\/2023\/09\/Screenshot-23-9.png?resize=340%2C526&amp;ssl=1\" sizes=\"auto, (max-width: 340px) 100vw, 340px\" srcset=\"https:\/\/i0.wp.com\/www.kosovarja-ks.com\/wp-content\/uploads\/2023\/09\/Screenshot-23-9.png?w=340&amp;ssl=1 340w, https:\/\/i0.wp.com\/www.kosovarja-ks.com\/wp-content\/uploads\/2023\/09\/Screenshot-23-9.png?resize=194%2C300&amp;ssl=1 194w\" alt=\"\" width=\"340\" height=\"526\" data-pin-no-hover=\"true\" \/><\/p>\n<p>\u201cG\u00ebzuar dit\u00eblindjen barbalushi jem u g\u00ebzofsh krejt jet\u00ebn, Te duam shum\u00eb\u201d ka shkruar ajo.<\/p>\n<p>Teksa babi i saj pret tort\u00ebn, t\u00eb gjith\u00eb familja shihen t\u00eb lumtur bashk\u00eb.<\/p>\n<div class=\"wp-video\">\n<div id=\"mep_0\" class=\"mejs-container mejs-container-keyboard-inactive wp-video-shortcode mejs-video\" tabindex=\"0\" role=\"application\" aria-label=\"Lojt\u00ebs Videosh\">\n<div class=\"mejs-inner\">\n<div class=\"mejs-mediaelement\"><video id=\"video-496668-1_html5\" class=\"wp-video-shortcode\" src=\"https:\/\/www.kosovarja-ks.com\/wp-content\/uploads\/2023\/09\/121785013_852876002890351_7683399718982569007_n.mp4?_=1\" preload=\"metadata\" width=\"1080\" height=\"1920\" data-mce-fragment=\"1\"><\/video><\/div>\n<div class=\"mejs-layers\">\n<div class=\"mejs-overlay mejs-layer mejs-overlay-play\"><\/div>\n<\/div>\n<\/div>\n<\/div>\n<\/div>\n","protected":false},"excerpt":{"rendered":"<p>K\u00ebng\u00ebtarja njohur Fifi ka ndar\u00eb disa momente nga dit\u00eblindja e babait t\u00eb saj. Fifi n\u00eb publik ka treguar se babi saj \u00ebsht\u00eb shum\u00eb i r\u00ebnd\u00ebsish\u00ebm<\/p>\n","protected":false},"author":14,"featured_media":0,"comment_status":"open","ping_status":"open","sticky":false,"template":"","format":"standard","meta":{"footnotes":""},"categories":[49],"tags":[],"class_list":["post-15872","post","type-post","status-publish","format-standard","hentry","category-showbiz"],"_links":{"self":[{"href":"https:\/\/indeks.bilten.mk\/index.php?rest_route=\/wp\/v2\/posts\/15872","targetHints":{"allow":["GET"]}}],"collection":[{"href":"https:\/\/indeks.bilten.mk\/index.php?rest_route=\/wp\/v2\/posts"}],"about":[{"href":"https:\/\/indeks.bilten.mk\/index.php?rest_route=\/wp\/v2\/types\/post"}],"author":[{"embeddable":true,"href":"https:\/\/indeks.bilten.mk\/index.php?rest_route=\/wp\/v2\/users\/14"}],"replies":[{"embeddable":true,"href":"https:\/\/indeks.bilten.mk\/index.php?rest_route=%2Fwp%2Fv2%2Fcomments&post=15872"}],"version-history":[{"count":0,"href":"https:\/\/indeks.bilten.mk\/index.php?rest_route=\/wp\/v2\/posts\/15872\/revisions"}],"wp:attachment":[{"href":"https:\/\/indeks.bilten.mk\/index.php?rest_route=%2Fwp%2Fv2%2Fmedia&parent=15872"}],"wp:term":[{"taxonomy":"category","embeddable":true,"href":"https:\/\/indeks.bilten.mk\/index.php?rest_route=%2Fwp%2Fv2%2Fcategories&post=15872"},{"taxonomy":"post_tag","embeddable":true,"href":"https:\/\/indeks.bilten.mk\/index.php?rest_route=%2Fwp%2Fv2%2Ftags&post=15872"}],"curies":[{"name":"wp","href":"https:\/\/api.w.org\/{rel}","templated":true}]}}