{"id":15874,"date":"2023-09-06T14:53:54","date_gmt":"2023-09-06T12:53:54","guid":{"rendered":"https:\/\/indeks.mk\/?p=15874"},"modified":"2023-09-06T14:54:01","modified_gmt":"2023-09-06T12:54:01","slug":"feste-ne-familjen-e-remzie-osmani","status":"publish","type":"post","link":"https:\/\/indeks.bilten.mk\/?p=15874","title":{"rendered":"Fest\u00eb n\u00eb familjen e Remzie Osmanit"},"content":{"rendered":"<p><strong>K\u00ebng\u00ebtarja e njohur Remzie Osmani sot ka uruar vajz\u00ebn e saj p\u00ebr dit\u00ebn e lindjes.<\/strong><\/p>\n<p>Riola vajza e k\u00ebng\u00ebtares sot feston dit\u00eblindjen, shkruan\u00a0<strong>\u201cKosovarja\u201d<\/strong>.<\/p>\n<p><img loading=\"lazy\" decoding=\"async\" class=\"aligncenter size-full wp-image-496596\" src=\"https:\/\/i0.wp.com\/www.kosovarja-ks.com\/wp-content\/uploads\/2023\/09\/375210900_300498486018826_7314082743625684450_n.jpg?resize=828%2C1011&amp;ssl=1\" sizes=\"auto, (max-width: 828px) 100vw, 828px\" srcset=\"https:\/\/i0.wp.com\/www.kosovarja-ks.com\/wp-content\/uploads\/2023\/09\/375210900_300498486018826_7314082743625684450_n.jpg?w=828&amp;ssl=1 828w, https:\/\/i0.wp.com\/www.kosovarja-ks.com\/wp-content\/uploads\/2023\/09\/375210900_300498486018826_7314082743625684450_n.jpg?resize=246%2C300&amp;ssl=1 246w, https:\/\/i0.wp.com\/www.kosovarja-ks.com\/wp-content\/uploads\/2023\/09\/375210900_300498486018826_7314082743625684450_n.jpg?resize=768%2C938&amp;ssl=1 768w, https:\/\/i0.wp.com\/www.kosovarja-ks.com\/wp-content\/uploads\/2023\/09\/375210900_300498486018826_7314082743625684450_n.jpg?resize=750%2C916&amp;ssl=1 750w\" alt=\"\" width=\"673\" height=\"822\" data-pin-no-hover=\"true\" \/><\/p>\n<p>Nuk kishte si t\u00eb mungonte urimi nga e \u00ebma e saj, ku ishte shprehur \u201cUrime dit\u00eblindjen o shpirti i nan\u00ebs\u201d.<\/p>\n<p>Kujtojm\u00eb se k\u00ebng\u00ebtarja n\u00eb shum\u00eb dalje televizive ka treguar lidhjen e ngusht\u00eb me vajz\u00ebn e saj.<\/p>\n<p><img loading=\"lazy\" decoding=\"async\" class=\"aligncenter size-full wp-image-496597\" src=\"https:\/\/i0.wp.com\/www.kosovarja-ks.com\/wp-content\/uploads\/2023\/09\/373064149_695150802482751_2572053258256895632_n.jpg?resize=828%2C1467&amp;ssl=1\" sizes=\"auto, (max-width: 828px) 100vw, 828px\" srcset=\"https:\/\/i0.wp.com\/www.kosovarja-ks.com\/wp-content\/uploads\/2023\/09\/373064149_695150802482751_2572053258256895632_n.jpg?w=828&amp;ssl=1 828w, https:\/\/i0.wp.com\/www.kosovarja-ks.com\/wp-content\/uploads\/2023\/09\/373064149_695150802482751_2572053258256895632_n.jpg?resize=169%2C300&amp;ssl=1 169w, https:\/\/i0.wp.com\/www.kosovarja-ks.com\/wp-content\/uploads\/2023\/09\/373064149_695150802482751_2572053258256895632_n.jpg?resize=578%2C1024&amp;ssl=1 578w, https:\/\/i0.wp.com\/www.kosovarja-ks.com\/wp-content\/uploads\/2023\/09\/373064149_695150802482751_2572053258256895632_n.jpg?resize=768%2C1361&amp;ssl=1 768w, https:\/\/i0.wp.com\/www.kosovarja-ks.com\/wp-content\/uploads\/2023\/09\/373064149_695150802482751_2572053258256895632_n.jpg?resize=750%2C1329&amp;ssl=1 750w\" alt=\"\" width=\"673\" height=\"1193\" data-pin-no-hover=\"true\" \/><img loading=\"lazy\" decoding=\"async\" class=\"aligncenter size-full wp-image-496598\" src=\"https:\/\/i0.wp.com\/www.kosovarja-ks.com\/wp-content\/uploads\/2023\/09\/373075000_1003302130908210_4017975819420343780_n.jpg?resize=828%2C1016&amp;ssl=1\" sizes=\"auto, (max-width: 828px) 100vw, 828px\" srcset=\"https:\/\/i0.wp.com\/www.kosovarja-ks.com\/wp-content\/uploads\/2023\/09\/373075000_1003302130908210_4017975819420343780_n.jpg?w=828&amp;ssl=1 828w, https:\/\/i0.wp.com\/www.kosovarja-ks.com\/wp-content\/uploads\/2023\/09\/373075000_1003302130908210_4017975819420343780_n.jpg?resize=244%2C300&amp;ssl=1 244w, https:\/\/i0.wp.com\/www.kosovarja-ks.com\/wp-content\/uploads\/2023\/09\/373075000_1003302130908210_4017975819420343780_n.jpg?resize=768%2C942&amp;ssl=1 768w, https:\/\/i0.wp.com\/www.kosovarja-ks.com\/wp-content\/uploads\/2023\/09\/373075000_1003302130908210_4017975819420343780_n.jpg?resize=750%2C920&amp;ssl=1 750w\" alt=\"\" width=\"673\" height=\"826\" data-pin-no-hover=\"true\" \/><\/p>\n","protected":false},"excerpt":{"rendered":"<p>K\u00ebng\u00ebtarja e njohur Remzie Osmani sot ka uruar vajz\u00ebn e saj p\u00ebr dit\u00ebn e lindjes. Riola vajza e k\u00ebng\u00ebtares sot feston dit\u00eblindjen, shkruan\u00a0\u201cKosovarja\u201d. Nuk kishte<\/p>\n","protected":false},"author":14,"featured_media":15875,"comment_status":"open","ping_status":"open","sticky":false,"template":"","format":"standard","meta":{"footnotes":""},"categories":[49],"tags":[],"class_list":["post-15874","post","type-post","status-publish","format-standard","has-post-thumbnail","hentry","category-showbiz"],"_links":{"self":[{"href":"https:\/\/indeks.bilten.mk\/index.php?rest_route=\/wp\/v2\/posts\/15874","targetHints":{"allow":["GET"]}}],"collection":[{"href":"https:\/\/indeks.bilten.mk\/index.php?rest_route=\/wp\/v2\/posts"}],"about":[{"href":"https:\/\/indeks.bilten.mk\/index.php?rest_route=\/wp\/v2\/types\/post"}],"author":[{"embeddable":true,"href":"https:\/\/indeks.bilten.mk\/index.php?rest_route=\/wp\/v2\/users\/14"}],"replies":[{"embeddable":true,"href":"https:\/\/indeks.bilten.mk\/index.php?rest_route=%2Fwp%2Fv2%2Fcomments&post=15874"}],"version-history":[{"count":0,"href":"https:\/\/indeks.bilten.mk\/index.php?rest_route=\/wp\/v2\/posts\/15874\/revisions"}],"wp:featuredmedia":[{"embeddable":true,"href":"https:\/\/indeks.bilten.mk\/index.php?rest_route=\/wp\/v2\/media\/15875"}],"wp:attachment":[{"href":"https:\/\/indeks.bilten.mk\/index.php?rest_route=%2Fwp%2Fv2%2Fmedia&parent=15874"}],"wp:term":[{"taxonomy":"category","embeddable":true,"href":"https:\/\/indeks.bilten.mk\/index.php?rest_route=%2Fwp%2Fv2%2Fcategories&post=15874"},{"taxonomy":"post_tag","embeddable":true,"href":"https:\/\/indeks.bilten.mk\/index.php?rest_route=%2Fwp%2Fv2%2Ftags&post=15874"}],"curies":[{"name":"wp","href":"https:\/\/api.w.org\/{rel}","templated":true}]}}