{"id":15881,"date":"2023-09-06T15:00:36","date_gmt":"2023-09-06T13:00:36","guid":{"rendered":"https:\/\/indeks.mk\/?p=15881"},"modified":"2023-09-06T15:00:36","modified_gmt":"2023-09-06T13:00:36","slug":"njihuni-me-prinderit-e-kryeministrit-albin-kurti-video","status":"publish","type":"post","link":"https:\/\/indeks.bilten.mk\/?p=15881","title":{"rendered":"Njihuni me prind\u00ebrit e kryeministrit Albin Kurti (VIDEO)"},"content":{"rendered":"<p>Kryeministri i Kosov\u00ebs, Albin Kurti \u00ebsht\u00eb nj\u00ebri nga personalitetet q\u00eb ruan m\u00eb me fanatiz\u00ebm jet\u00ebn e tij private.<\/p>\n<p>E vetmja intervist\u00eb ku foli m\u00eb shum\u00eb p\u00ebr familj\u00ebn dhe f\u00ebmij\u00ebrin\u00eb e tij ishte pik\u00ebrisht para kat\u00ebr vitesh dh\u00ebn\u00eb p\u00ebr emisionin \u201cKonak\u201d.<\/p>\n<p>Gjat\u00eb k\u00ebsaj interviste, Kurti tha se nuk pret shum\u00eb mysafir\u00eb p\u00ebr shkak t\u00eb koh\u00ebs por i mir\u00ebpret gjithmon\u00eb prind\u00ebrit pasi shkojn\u00eb p\u00ebr ta takuar vajz\u00ebn.<\/p>\n<p>Paraqitjet i ka t\u00eb shpeshta me gruan e tij n\u00eb ngjarje t\u00eb ndryshme, por pjes\u00ebn tjet\u00ebr t\u00eb familjes rrall\u00ebher\u00eb mund ta shohim p\u00ebr t\u00eb mos th\u00ebn\u00eb fare.<\/p>\n<p><iframe loading=\"lazy\" src=\"https:\/\/www.facebook.com\/plugins\/video.php?height=476&#038;href=https%3A%2F%2Fwww.facebook.com%2FT7plus%2Fvideos%2F1339769760251913%2F&#038;show_text=false&#038;width=476&#038;t=0\" width=\"476\" height=\"476\" style=\"border:none;overflow:hidden\" scrolling=\"no\" frameborder=\"0\" allowfullscreen=\"true\" allow=\"autoplay; clipboard-write; encrypted-media; picture-in-picture; web-share\" allowFullScreen=\"true\"><\/iframe>&nbsp;<\/p>\n","protected":false},"excerpt":{"rendered":"<p>Kryeministri i Kosov\u00ebs, Albin Kurti \u00ebsht\u00eb nj\u00ebri nga personalitetet q\u00eb ruan m\u00eb me fanatiz\u00ebm jet\u00ebn e tij private. E vetmja intervist\u00eb ku foli m\u00eb shum\u00eb<\/p>\n","protected":false},"author":14,"featured_media":0,"comment_status":"open","ping_status":"open","sticky":false,"template":"","format":"standard","meta":{"footnotes":""},"categories":[45],"tags":[],"class_list":["post-15881","post","type-post","status-publish","format-standard","hentry","category-rajoni"],"_links":{"self":[{"href":"https:\/\/indeks.bilten.mk\/index.php?rest_route=\/wp\/v2\/posts\/15881","targetHints":{"allow":["GET"]}}],"collection":[{"href":"https:\/\/indeks.bilten.mk\/index.php?rest_route=\/wp\/v2\/posts"}],"about":[{"href":"https:\/\/indeks.bilten.mk\/index.php?rest_route=\/wp\/v2\/types\/post"}],"author":[{"embeddable":true,"href":"https:\/\/indeks.bilten.mk\/index.php?rest_route=\/wp\/v2\/users\/14"}],"replies":[{"embeddable":true,"href":"https:\/\/indeks.bilten.mk\/index.php?rest_route=%2Fwp%2Fv2%2Fcomments&post=15881"}],"version-history":[{"count":0,"href":"https:\/\/indeks.bilten.mk\/index.php?rest_route=\/wp\/v2\/posts\/15881\/revisions"}],"wp:attachment":[{"href":"https:\/\/indeks.bilten.mk\/index.php?rest_route=%2Fwp%2Fv2%2Fmedia&parent=15881"}],"wp:term":[{"taxonomy":"category","embeddable":true,"href":"https:\/\/indeks.bilten.mk\/index.php?rest_route=%2Fwp%2Fv2%2Fcategories&post=15881"},{"taxonomy":"post_tag","embeddable":true,"href":"https:\/\/indeks.bilten.mk\/index.php?rest_route=%2Fwp%2Fv2%2Ftags&post=15881"}],"curies":[{"name":"wp","href":"https:\/\/api.w.org\/{rel}","templated":true}]}}