{"id":15890,"date":"2023-09-06T15:37:46","date_gmt":"2023-09-06T13:37:46","guid":{"rendered":"https:\/\/indeks.mk\/?p=15890"},"modified":"2023-09-06T15:37:46","modified_gmt":"2023-09-06T13:37:46","slug":"gjimnazi-i-tetoves-pa-energji-elektrike-fajtore-komuna-e-tetoves-qe-nuk-destinoi-bllok-dotacione-per-kete-institucion-arsimor","status":"publish","type":"post","link":"https:\/\/indeks.bilten.mk\/?p=15890","title":{"rendered":"Gjimnazi i Tetov\u00ebs pa energji elektrike, fajtor\u00eb Komuna e Tetov\u00ebs q\u00eb nuk destinoi bllok dotacione p\u00ebr k\u00ebt\u00eb institucion arsimor"},"content":{"rendered":"<p>Q\u00eb nga fillimi i vitit t\u00eb ri shkollor, Gjimnazi i Tetov\u00ebs \u201cKiril Pej\u00e7inoviq\u201d \u00ebsht\u00eb pa energji elektrike, gj\u00eb q\u00eb pengon zhvillimin e procesit m\u00ebsimor.<\/p>\n<p>Drejtoresha e gjimnazit p\u00ebr gjendjen e krijuar, faj\u00ebson komun\u00ebn e Tetov\u00ebs, e cila sipas saj nuk ka l\u00ebshuar bllok dotacionet p\u00ebr shtat\u00eb muaj.<\/p>\n<p>\u201cK\u00ebt\u00eb na e solli mungesa e bllok dotacioneve q\u00eb p\u00ebr shtat\u00eb muaj komuna e Tetov\u00ebs nuk i ka destinuar n\u00eb gjimnazin e Tetov\u00ebs. P\u00ebr shtat\u00eb muaj shuma totale e borxhit t\u00eb gjimnazit ka kaluar 130.000 euro, vet\u00ebm borxhi nd\u00ebrsa p\u00ebrmbaruesit q\u00eb kan\u00eb ardhur kan\u00eb p\u00ebrllogaritjet e veta\u201d, tha Teuta Llalla, drejtoresh\u00eb e gjimnazit Kiril Pej\u00e7inoviq.<\/p>\n<p>Situata e krijuar m\u00eb se shumti po d\u00ebmton nx\u00ebn\u00ebsit dhe m\u00ebsimdh\u00ebn\u00ebsit.<\/p>\n<p>\u201cN\u00ebse do vazhdoj t\u00eb mungoj energjia elektrike, gjithsesi se do ket\u00eb edhe pengesa\u201d, tha Daut Arifi, profesor.<\/p>\n<p>P\u00ebr shkak t\u00eb p\u00ebrplasjeve mes komun\u00ebs dhe drejtoresh\u00ebs s\u00eb gjimnazit, dy muaj m\u00eb par\u00eb, Ministria e Arsimit, p\u00ebr t\u00eb dyt\u00ebn her\u00eb me radh\u00eb i mori kompetencat komun\u00ebs s\u00eb Tetov\u00ebs p\u00ebr 12 muaj t\u00eb tjera.<\/p>\n","protected":false},"excerpt":{"rendered":"<p>Q\u00eb nga fillimi i vitit t\u00eb ri shkollor, Gjimnazi i Tetov\u00ebs \u201cKiril Pej\u00e7inoviq\u201d \u00ebsht\u00eb pa energji elektrike, gj\u00eb q\u00eb pengon zhvillimin e procesit m\u00ebsimor. Drejtoresha<\/p>\n","protected":false},"author":14,"featured_media":15891,"comment_status":"open","ping_status":"open","sticky":false,"template":"","format":"standard","meta":{"footnotes":""},"categories":[44],"tags":[],"class_list":["post-15890","post","type-post","status-publish","format-standard","has-post-thumbnail","hentry","category-maqedoni"],"_links":{"self":[{"href":"https:\/\/indeks.bilten.mk\/index.php?rest_route=\/wp\/v2\/posts\/15890","targetHints":{"allow":["GET"]}}],"collection":[{"href":"https:\/\/indeks.bilten.mk\/index.php?rest_route=\/wp\/v2\/posts"}],"about":[{"href":"https:\/\/indeks.bilten.mk\/index.php?rest_route=\/wp\/v2\/types\/post"}],"author":[{"embeddable":true,"href":"https:\/\/indeks.bilten.mk\/index.php?rest_route=\/wp\/v2\/users\/14"}],"replies":[{"embeddable":true,"href":"https:\/\/indeks.bilten.mk\/index.php?rest_route=%2Fwp%2Fv2%2Fcomments&post=15890"}],"version-history":[{"count":0,"href":"https:\/\/indeks.bilten.mk\/index.php?rest_route=\/wp\/v2\/posts\/15890\/revisions"}],"wp:featuredmedia":[{"embeddable":true,"href":"https:\/\/indeks.bilten.mk\/index.php?rest_route=\/wp\/v2\/media\/15891"}],"wp:attachment":[{"href":"https:\/\/indeks.bilten.mk\/index.php?rest_route=%2Fwp%2Fv2%2Fmedia&parent=15890"}],"wp:term":[{"taxonomy":"category","embeddable":true,"href":"https:\/\/indeks.bilten.mk\/index.php?rest_route=%2Fwp%2Fv2%2Fcategories&post=15890"},{"taxonomy":"post_tag","embeddable":true,"href":"https:\/\/indeks.bilten.mk\/index.php?rest_route=%2Fwp%2Fv2%2Ftags&post=15890"}],"curies":[{"name":"wp","href":"https:\/\/api.w.org\/{rel}","templated":true}]}}