{"id":15893,"date":"2023-09-06T15:43:27","date_gmt":"2023-09-06T13:43:27","guid":{"rendered":"https:\/\/indeks.mk\/?p=15893"},"modified":"2023-09-06T15:43:58","modified_gmt":"2023-09-06T13:43:58","slug":"grubi-fillimet-e-punimeve-per-korridorin-8-nisin-me-12-shtator-nga-seksioni-gostivar-bukojcan","status":"publish","type":"post","link":"https:\/\/indeks.bilten.mk\/?p=15893","title":{"rendered":"Grubi: Fillimet e punimeve p\u00ebr Korridorin 8 nisin m\u00eb 12 shtator, nga seksioni Gostivar-Bukoj\u00e7an"},"content":{"rendered":"<p>&#8220;T\u00eb mart\u00ebn \u201cBechtel dhe Enka\u201d do t\u00eb nis\u00eb nd\u00ebrtimin e nj\u00eb seksioni t\u00eb Korridorit 8 duke shp\u00ebrthyer malin mbi fshatin Debresh&#8221;, tha z\u00ebvend\u00ebskryeministri dhe koordinatori p\u00ebr nd\u00ebrtimin e korridorit 8 dhe 10d, Artan Grubi.<\/p>\n<p>Nd\u00ebrtimi do t\u00eb filloj\u00eb nga seksioni m\u00eb i komplikuar, Gostivar-Bukoj\u00e7an.<\/p>\n<p>\u201cN\u00eb dat\u00ebn 12 nisin aktivitetet nd\u00ebrtimore mbi fshatin Debresh dhe deri m\u00eb tani \u00e7do gj\u00eb po shkon n\u00eb form\u00eb t\u00eb shk\u00eblqyer nga konsorciumi \u201cBechtel dhe Enka\u201d dhe t\u00eb gjitha kompanit\u00eb e angazhuara. Punimet nd\u00ebrtimore tashm\u00eb po kryhen gjithandej, do t\u00eb kryhen edhe n\u00eb Korridorin 8, duke shp\u00ebrthyer malin mbi fshat\u201d, tha Grubi.<\/p>\n<p>Elaboratet p\u00ebr shpron\u00ebsim, si\u00e7 paralajm\u00ebruam tashm\u00eb kan\u00eb p\u00ebrfunduar dhe me k\u00ebt\u00eb seksion do t\u00eb anashkalohet Gostivari dhe do t\u00eb shmanget ngjitja n\u00eb Strazh\u00eb.<\/p>\n","protected":false},"excerpt":{"rendered":"<p>&#8220;T\u00eb mart\u00ebn \u201cBechtel dhe Enka\u201d do t\u00eb nis\u00eb nd\u00ebrtimin e nj\u00eb seksioni t\u00eb Korridorit 8 duke shp\u00ebrthyer malin mbi fshatin Debresh&#8221;, tha z\u00ebvend\u00ebskryeministri dhe koordinatori<\/p>\n","protected":false},"author":14,"featured_media":0,"comment_status":"open","ping_status":"open","sticky":false,"template":"","format":"standard","meta":{"footnotes":""},"categories":[44],"tags":[],"class_list":["post-15893","post","type-post","status-publish","format-standard","hentry","category-maqedoni"],"_links":{"self":[{"href":"https:\/\/indeks.bilten.mk\/index.php?rest_route=\/wp\/v2\/posts\/15893","targetHints":{"allow":["GET"]}}],"collection":[{"href":"https:\/\/indeks.bilten.mk\/index.php?rest_route=\/wp\/v2\/posts"}],"about":[{"href":"https:\/\/indeks.bilten.mk\/index.php?rest_route=\/wp\/v2\/types\/post"}],"author":[{"embeddable":true,"href":"https:\/\/indeks.bilten.mk\/index.php?rest_route=\/wp\/v2\/users\/14"}],"replies":[{"embeddable":true,"href":"https:\/\/indeks.bilten.mk\/index.php?rest_route=%2Fwp%2Fv2%2Fcomments&post=15893"}],"version-history":[{"count":0,"href":"https:\/\/indeks.bilten.mk\/index.php?rest_route=\/wp\/v2\/posts\/15893\/revisions"}],"wp:attachment":[{"href":"https:\/\/indeks.bilten.mk\/index.php?rest_route=%2Fwp%2Fv2%2Fmedia&parent=15893"}],"wp:term":[{"taxonomy":"category","embeddable":true,"href":"https:\/\/indeks.bilten.mk\/index.php?rest_route=%2Fwp%2Fv2%2Fcategories&post=15893"},{"taxonomy":"post_tag","embeddable":true,"href":"https:\/\/indeks.bilten.mk\/index.php?rest_route=%2Fwp%2Fv2%2Ftags&post=15893"}],"curies":[{"name":"wp","href":"https:\/\/api.w.org\/{rel}","templated":true}]}}