{"id":15897,"date":"2023-09-06T18:58:23","date_gmt":"2023-09-06T16:58:23","guid":{"rendered":"https:\/\/indeks.mk\/?p=15897"},"modified":"2023-09-06T18:59:08","modified_gmt":"2023-09-06T16:59:08","slug":"grubi-nga-terreni-projektet-infrastrukturore-po-realizohen-sipas-planit-investojme-dhe-mirembajme-autostradat-e-vendit","status":"publish","type":"post","link":"https:\/\/indeks.bilten.mk\/?p=15897","title":{"rendered":"Grubi nga terreni: Projektet infrastrukturore po realizohen sipas planit, investojm\u00eb dhe mir\u00ebmbajm\u00eb autostradat e vendit"},"content":{"rendered":"<p>Z\u00ebvend\u00ebskryeministri i par\u00eb, Artan Grubi sot n\u00ebn shoq\u00ebrin\u00eb e ministrit t\u00eb Transportit dhe Lidhjeve, Bllagoj Bo\u00e7varski, z\u00ebvend\u00ebsministrit Bekim Rexhepi dhe drejtorit t\u00eb Nd\u00ebrmarrjes Publike \u201cRrug\u00ebt Shtet\u00ebrore\u201d Ejup Rustemi mbikqyr\u00ebm nga af\u00ebr rrjedh\u00ebn e punimeve n\u00eb autostard\u00ebn Shkup-Tetov\u00eb si dhe rehabilitimin e nj\u00eb rruge drejt Kodr\u00ebs s\u00eb Diellit.<\/p>\n<p>Grubi p\u00ebrmes nj\u00eb postimi n\u00eb rrjetin social Facebook, shkruan se punimet p\u00ebr projektet e planifikuara infrastrukturore po ecin sipas planit dhe dinamik\u00ebs s\u00eb duhur, drejt p\u00ebrmir\u00ebsimit t\u00eb kushteve, investimeve t\u00eb reja dhe mir\u00ebmbajtjes s\u00eb rrug\u00ebve ekzistuese.<\/p>\n<p>Statusi i plot\u00eb:<\/p>\n<p>Po punohet intenzivisht n\u00eb \u00e7do cep t\u00eb vendit p\u00ebr p\u00ebrmir\u00ebsimin e infrastruktur\u00ebs rrugore.<\/p>\n<p>Bashk\u00eb me ministrin e Transportit dhe Lidhjeve, Bllagoj Bo\u00e7varski, z\u00ebvend\u00ebsministrin Bekim Rexhepi dhe drejtorin e Nd\u00ebrmarrjes Publike \u201cRrug\u00ebt Shtet\u00ebrore\u201d Ejup Rustemi mbikqyr\u00ebm nga af\u00ebr rrjedh\u00ebn e punimeve p\u00ebr:<\/p>\n<p>vendosjen e barrierave t\u00eb z\u00ebrit n\u00eb autostrad\u00ebn Shkup-Tetov\u00eb<\/p>\n<p>nd\u00ebrtimin e pjes\u00ebs s\u00eb Korridorit 8, autostrad\u00ebs Shkup \u2013 Tetov\u00eb dhe<\/p>\n<p>rehabilitimin e rrug\u00ebs drejt Kodr\u00ebs s\u00eb Diellit.<\/p>\n<p>Siguruam 7.5 milion\u00eb euro p\u00ebrmes Nd\u00ebrmarrjes \u201cRrug\u00ebt Shtet\u00ebrore\u201d p\u00ebr rehabilitimin e 13 kilometrave t\u00eb autostrad\u00ebs Shkup-Tetov\u00eb, n\u00eb at\u00eb pjes\u00eb ku ishte shum\u00eb e d\u00ebmtuar.<\/p>\n<p>Korridori 8 po nd\u00ebrtohet sipas dinamik\u00ebs s\u00eb parapar\u00eb dhe sipas t\u00eb gjitha detajeve t\u00eb kontrat\u00ebs historike t\u00eb lidhur me konzorciumin Bechtel &amp; Enka.<\/p>\n<p>P\u00ebr rekonstruimin e rrug\u00ebs regjionale q\u00eb lidh komun\u00ebn e Tetov\u00ebs me komunat e Bogovin\u00ebs dhe t\u00eb Gostivarit kemi siguruar mjete n\u00eb vler\u00eb prej 15 milion\u00eb denar\u00eb p\u00ebr rehabilitimin e 600 metrave t\u00eb rrug\u00ebs q\u00eb lidh bulevardin Ilinden deri n\u00eb rrug\u00ebn me Kodr\u00ebn e Diellit.<\/p>\n<p>Do t\u00eb vazhdojm\u00eb sy\u00e7el\u00eb t\u00eb p\u00ebrcjellim ecurin\u00eb e realizimit t\u00eb projektit m\u00eb t\u00eb madh infrastrukturor n\u00eb historin\u00eb e vendit, rregullimit dhe mir\u00ebmbajtjes s\u00eb rrjetit t\u00eb autostradave n\u00eb mbar\u00eb vendin.<\/p>\n<p><iframe loading=\"lazy\" src=\"https:\/\/www.facebook.com\/plugins\/post.php?href=https%3A%2F%2Fwww.facebook.com%2FArtanGrubi%2Fposts%2Fpfbid0y96aQBBCqKEERbbozrCbH5U4p3bGAqb1LmC8Q8dhdq1SQ3ULEBPTErTtb7BLhpnLl&#038;show_text=true&#038;width=500\" width=\"500\" height=\"805\" style=\"border:none;overflow:hidden\" scrolling=\"no\" frameborder=\"0\" allowfullscreen=\"true\" allow=\"autoplay; clipboard-write; encrypted-media; picture-in-picture; web-share\"><\/iframe>&nbsp;<\/p>\n<p>&nbsp;<\/p>\n<p>&nbsp;<\/p>\n","protected":false},"excerpt":{"rendered":"<p>Z\u00ebvend\u00ebskryeministri i par\u00eb, Artan Grubi sot n\u00ebn shoq\u00ebrin\u00eb e ministrit t\u00eb Transportit dhe Lidhjeve, Bllagoj Bo\u00e7varski, z\u00ebvend\u00ebsministrit Bekim Rexhepi dhe drejtorit t\u00eb Nd\u00ebrmarrjes Publike \u201cRrug\u00ebt<\/p>\n","protected":false},"author":14,"featured_media":15899,"comment_status":"open","ping_status":"open","sticky":false,"template":"","format":"standard","meta":{"footnotes":""},"categories":[44],"tags":[],"class_list":["post-15897","post","type-post","status-publish","format-standard","has-post-thumbnail","hentry","category-maqedoni"],"_links":{"self":[{"href":"https:\/\/indeks.bilten.mk\/index.php?rest_route=\/wp\/v2\/posts\/15897","targetHints":{"allow":["GET"]}}],"collection":[{"href":"https:\/\/indeks.bilten.mk\/index.php?rest_route=\/wp\/v2\/posts"}],"about":[{"href":"https:\/\/indeks.bilten.mk\/index.php?rest_route=\/wp\/v2\/types\/post"}],"author":[{"embeddable":true,"href":"https:\/\/indeks.bilten.mk\/index.php?rest_route=\/wp\/v2\/users\/14"}],"replies":[{"embeddable":true,"href":"https:\/\/indeks.bilten.mk\/index.php?rest_route=%2Fwp%2Fv2%2Fcomments&post=15897"}],"version-history":[{"count":0,"href":"https:\/\/indeks.bilten.mk\/index.php?rest_route=\/wp\/v2\/posts\/15897\/revisions"}],"wp:featuredmedia":[{"embeddable":true,"href":"https:\/\/indeks.bilten.mk\/index.php?rest_route=\/wp\/v2\/media\/15899"}],"wp:attachment":[{"href":"https:\/\/indeks.bilten.mk\/index.php?rest_route=%2Fwp%2Fv2%2Fmedia&parent=15897"}],"wp:term":[{"taxonomy":"category","embeddable":true,"href":"https:\/\/indeks.bilten.mk\/index.php?rest_route=%2Fwp%2Fv2%2Fcategories&post=15897"},{"taxonomy":"post_tag","embeddable":true,"href":"https:\/\/indeks.bilten.mk\/index.php?rest_route=%2Fwp%2Fv2%2Ftags&post=15897"}],"curies":[{"name":"wp","href":"https:\/\/api.w.org\/{rel}","templated":true}]}}