{"id":15902,"date":"2023-09-06T19:11:54","date_gmt":"2023-09-06T17:11:54","guid":{"rendered":"https:\/\/indeks.mk\/?p=15902"},"modified":"2023-09-06T19:11:54","modified_gmt":"2023-09-06T17:11:54","slug":"rruga-tetove-prizren-rustemi-jane-konkretizuar-shume-ceshtje-deri-ne-fund-te-muajit-do-ta-kemi-dhe-marreveshjen-per-tunelin-e-perbashket","status":"publish","type":"post","link":"https:\/\/indeks.bilten.mk\/?p=15902","title":{"rendered":"Rruga Tetov\u00eb-Prizren\/ Rustemi: Jan\u00eb konkretizuar shum\u00eb \u00e7\u00ebshtje, deri n\u00eb fund t\u00eb muajit do ta kemi dhe marr\u00ebveshjen p\u00ebr tunelin e p\u00ebrbashk\u00ebt"},"content":{"rendered":"<p>&#8220;Kur b\u00ebjm\u00eb fjal\u00eb p\u00ebr magjistralen Tetov\u00eb-Prizren duhet t\u00eb potencojm\u00eb se ne n\u00eb Republik\u00ebn e Maqedonis\u00eb ndoshta nuk kemi folur shum\u00eb, por kemi b\u00eb pun\u00eb sa i p\u00ebrket rrug\u00ebs Tetov\u00eb-Prizren&#8221;. K\u00ebshtu u p\u00ebrgjigj drejtori i Nd\u00ebrmarrjes Publike p\u00ebr Rrug\u00eb Shtet\u00ebrore, Ejup Rustemi, kur u pyet n\u00eb lidhje me projektin e rrug\u00ebs Tetov\u00eb-Prizren. <\/p>\n<p>\u201cNe n\u00eb Nd\u00ebrmarrjen Publike Rrug\u00ebt Shtet\u00ebrore, e kemi porositur dhe e kemi b\u00ebr\u00eb studimin e fizibilitetit dhe n\u00eb baz\u00eb t\u00eb k\u00ebtij studimi t\u00eb fizibilitetit \u00ebsht\u00eb zgjedhur edhe traseja q\u00eb duhet t\u00eb nd\u00ebrtohet n\u00eb mes t\u00eb Tetov\u00ebs dhe Prizrenit. Gjithashtu, Ministria e Transportit \u00ebsht\u00eb n\u00eb komunikim permanent me Ministrin\u00eb e Infrastruktur\u00ebs s\u00eb Kosov\u00ebs dhe m\u00eb versioni i par\u00eb p\u00ebr marr\u00ebveshje \u00ebsht\u00eb dor\u00ebzuar n\u00eb Republik\u00ebn e Kosov\u00ebs, presim v\u00ebrejtjet nga ana e tyre t\u2019i shqyrtojm\u00eb edhe nj\u00eb her\u00eb dhe besoj se deri ka fundi i shtatorit do ta kemi edhe marr\u00ebveshjen e cila planifikon projektimin e tunelit t\u00eb p\u00ebrbashk\u00ebt. Pra, pas asaj, vazhdojm\u00eb me projektimin e rrug\u00ebs q\u00eb \u00e7on deri n\u00eb hyrje t\u00eb tunelit. S\u00eb pari, kemi projektin, kemi revidimin e projektit dhe mbas asaj realizimin e punimeve\u201d, tha Rustemi.<\/p>\n","protected":false},"excerpt":{"rendered":"<p>&#8220;Kur b\u00ebjm\u00eb fjal\u00eb p\u00ebr magjistralen Tetov\u00eb-Prizren duhet t\u00eb potencojm\u00eb se ne n\u00eb Republik\u00ebn e Maqedonis\u00eb ndoshta nuk kemi folur shum\u00eb, por kemi b\u00eb pun\u00eb sa<\/p>\n","protected":false},"author":14,"featured_media":0,"comment_status":"open","ping_status":"open","sticky":false,"template":"","format":"standard","meta":{"footnotes":""},"categories":[44],"tags":[],"class_list":["post-15902","post","type-post","status-publish","format-standard","hentry","category-maqedoni"],"_links":{"self":[{"href":"https:\/\/indeks.bilten.mk\/index.php?rest_route=\/wp\/v2\/posts\/15902","targetHints":{"allow":["GET"]}}],"collection":[{"href":"https:\/\/indeks.bilten.mk\/index.php?rest_route=\/wp\/v2\/posts"}],"about":[{"href":"https:\/\/indeks.bilten.mk\/index.php?rest_route=\/wp\/v2\/types\/post"}],"author":[{"embeddable":true,"href":"https:\/\/indeks.bilten.mk\/index.php?rest_route=\/wp\/v2\/users\/14"}],"replies":[{"embeddable":true,"href":"https:\/\/indeks.bilten.mk\/index.php?rest_route=%2Fwp%2Fv2%2Fcomments&post=15902"}],"version-history":[{"count":0,"href":"https:\/\/indeks.bilten.mk\/index.php?rest_route=\/wp\/v2\/posts\/15902\/revisions"}],"wp:attachment":[{"href":"https:\/\/indeks.bilten.mk\/index.php?rest_route=%2Fwp%2Fv2%2Fmedia&parent=15902"}],"wp:term":[{"taxonomy":"category","embeddable":true,"href":"https:\/\/indeks.bilten.mk\/index.php?rest_route=%2Fwp%2Fv2%2Fcategories&post=15902"},{"taxonomy":"post_tag","embeddable":true,"href":"https:\/\/indeks.bilten.mk\/index.php?rest_route=%2Fwp%2Fv2%2Ftags&post=15902"}],"curies":[{"name":"wp","href":"https:\/\/api.w.org\/{rel}","templated":true}]}}