{"id":15904,"date":"2023-09-06T20:43:12","date_gmt":"2023-09-06T18:43:12","guid":{"rendered":"https:\/\/indeks.mk\/?p=15904"},"modified":"2023-09-06T20:43:12","modified_gmt":"2023-09-06T18:43:12","slug":"alternativaa-drejt-shuarjes-pas-tetoves-dhe-zhelines-edhe-dega-ne-dollnen-ngrin-aktivitetin-partiak","status":"publish","type":"post","link":"https:\/\/indeks.bilten.mk\/?p=15904","title":{"rendered":"AlternAtivaA drejt shuarjes! Pas Tetov\u00ebs dhe Zhelin\u00ebs, edhe dega n\u00eb Dollnen ngrin aktivitetin partiak"},"content":{"rendered":"<p>Dega e AlternAtiv\u00ebs n\u00eb Dollnen ka njoftuar se ngrin aktivitetin partiak t\u00eb saj pas atyre t\u00eb Tetov\u00ebs, Zhelin\u00ebs etj.<br \/>\nN\u00eb njoftimin p\u00ebr media kryetari i deg\u00ebs Samedin Imeri dhe k\u00ebshilltarin komunal nga kjo parti Nadi Sadiku si dhe me p\u00ebrkrahjen unanime t\u00eb kuvendar\u00ebve t\u00eb deg\u00ebs kan\u00eb vendosur q\u00eb p\u00ebr nj\u00eb afat t\u00eb pcaktuar t\u2019u japin fund aktiviteteve partiake.<\/p>\n<figure class=\"wp-block-image size-full\"><img loading=\"lazy\" decoding=\"async\" class=\"wp-image-240673\" src=\"https:\/\/www.shqip.media\/wp-content\/uploads\/2023\/09\/373424777_850663846590935_671166438311726310_n-1.jpg\" sizes=\"auto, (max-width: 945px) 100vw, 945px\" srcset=\"https:\/\/www.shqip.media\/wp-content\/uploads\/2023\/09\/373424777_850663846590935_671166438311726310_n-1.jpg 945w, https:\/\/www.shqip.media\/wp-content\/uploads\/2023\/09\/373424777_850663846590935_671166438311726310_n-1-300x266.jpg 300w, https:\/\/www.shqip.media\/wp-content\/uploads\/2023\/09\/373424777_850663846590935_671166438311726310_n-1-768x680.jpg 768w, https:\/\/www.shqip.media\/wp-content\/uploads\/2023\/09\/373424777_850663846590935_671166438311726310_n-1-585x518.jpg 585w\" alt=\"\" width=\"945\" height=\"837\" \/><\/figure>\n","protected":false},"excerpt":{"rendered":"<p>Dega e AlternAtiv\u00ebs n\u00eb Dollnen ka njoftuar se ngrin aktivitetin partiak t\u00eb saj pas atyre t\u00eb Tetov\u00ebs, Zhelin\u00ebs etj. N\u00eb njoftimin p\u00ebr media kryetari i<\/p>\n","protected":false},"author":14,"featured_media":15905,"comment_status":"open","ping_status":"open","sticky":false,"template":"","format":"standard","meta":{"footnotes":""},"categories":[44],"tags":[],"class_list":["post-15904","post","type-post","status-publish","format-standard","has-post-thumbnail","hentry","category-maqedoni"],"_links":{"self":[{"href":"https:\/\/indeks.bilten.mk\/index.php?rest_route=\/wp\/v2\/posts\/15904","targetHints":{"allow":["GET"]}}],"collection":[{"href":"https:\/\/indeks.bilten.mk\/index.php?rest_route=\/wp\/v2\/posts"}],"about":[{"href":"https:\/\/indeks.bilten.mk\/index.php?rest_route=\/wp\/v2\/types\/post"}],"author":[{"embeddable":true,"href":"https:\/\/indeks.bilten.mk\/index.php?rest_route=\/wp\/v2\/users\/14"}],"replies":[{"embeddable":true,"href":"https:\/\/indeks.bilten.mk\/index.php?rest_route=%2Fwp%2Fv2%2Fcomments&post=15904"}],"version-history":[{"count":0,"href":"https:\/\/indeks.bilten.mk\/index.php?rest_route=\/wp\/v2\/posts\/15904\/revisions"}],"wp:featuredmedia":[{"embeddable":true,"href":"https:\/\/indeks.bilten.mk\/index.php?rest_route=\/wp\/v2\/media\/15905"}],"wp:attachment":[{"href":"https:\/\/indeks.bilten.mk\/index.php?rest_route=%2Fwp%2Fv2%2Fmedia&parent=15904"}],"wp:term":[{"taxonomy":"category","embeddable":true,"href":"https:\/\/indeks.bilten.mk\/index.php?rest_route=%2Fwp%2Fv2%2Fcategories&post=15904"},{"taxonomy":"post_tag","embeddable":true,"href":"https:\/\/indeks.bilten.mk\/index.php?rest_route=%2Fwp%2Fv2%2Ftags&post=15904"}],"curies":[{"name":"wp","href":"https:\/\/api.w.org\/{rel}","templated":true}]}}