{"id":15906,"date":"2023-09-06T20:38:57","date_gmt":"2023-09-06T18:38:57","guid":{"rendered":"https:\/\/indeks.mk\/?p=15906"},"modified":"2023-09-06T20:38:57","modified_gmt":"2023-09-06T18:38:57","slug":"grubi-aplikoni-mbi-2-000-vende-pune-ne-kompanine-bechtel-enka-per-ndertimin-e-korridorit-8-dhe-10d","status":"publish","type":"post","link":"https:\/\/indeks.bilten.mk\/?p=15906","title":{"rendered":"Grubi: Aplikoni! Mbi 2.000 vende pune n\u00eb kompanin\u00eb &#8220;Bechtel &#038; Enka&#8221; p\u00ebr nd\u00ebrtimin e Korridorit 8 dhe 10D"},"content":{"rendered":"<p>Z\u00ebvend\u00ebskryeministri i par\u00eb, Artan Grubi vizitoi sot panairin e pun\u00ebs t\u00eb organizuar nga kompania \u201cBechtel &amp; Enka\u201d n\u00eb qytetin e Tetov\u00ebs.<\/p>\n<p>Grubi n\u00eb faqen e tij zyrtare n\u00eb Facebook ka apeluar q\u00eb t\u00eb gjith\u00eb t\u00eb interesuarit t\u00eb aplikojn\u00eb p\u00ebr pun\u00eb n\u00eb kompanin\u00eb e cila do t\u00eb nd\u00ebrtoj projektin Korridori 8 dhe 10D, n\u00eb t\u00eb cilin ofrohen mbi 2.000 vende pune.<\/p>\n<p>Statusi i plot\u00eb:<\/p>\n<p>Mbi 2.000 vende pune. APLIKONI n\u00eb hr@beuk.mk<\/p>\n<p>Dit\u00ebn sot e p\u00ebrmbylla edhe me nj\u00eb aktivitet shum\u00eb t\u00eb r\u00ebnd\u00ebsish\u00ebm p\u00ebr qytetar\u00ebt.<\/p>\n<p>N\u00eb Tetov\u00eb mora pjes\u00eb n\u00eb hapjen e Panairit p\u00ebr pun\u00ebsim q\u00eb organizohet nga konzorciumi Bechtel &amp; Enka.<\/p>\n<p>Jasht\u00ebzakonisht i lumtur p\u00ebr interesimin e qytetar\u00ebve q\u00eb t\u00eb b\u00ebhen pjes\u00eb e ekipit q\u00eb do t\u00eb nd\u00ebrtoj\u00eb rrug\u00eb moderne me standarde europiane.<\/p>\n<p>Apeli vazhdon dhe vlen\u00eb p\u00ebr t\u00eb gjith\u00eb ata q\u00eb duan t\u00eb b\u00ebhen pjes\u00eb e nd\u00ebrtimit t\u00eb nj\u00eb projekti mjaft t\u00eb r\u00ebnd\u00ebsish\u00ebm si\u00e7 \u00ebsht\u00eb Korridori 8 dhe 10D.<\/p>\n<p>Pas Gostivarit, Tetov\u00ebs, Prilepit dhe Manastirit, vazhdon Panairi edhe n\u00eb qytete tjera t\u00eb vendit.<\/p>\n<p><iframe loading=\"lazy\" src=\"https:\/\/www.facebook.com\/plugins\/post.php?href=https%3A%2F%2Fwww.facebook.com%2FArtanGrubi%2Fposts%2Fpfbid0311sLmaMUDeoCzX6oMyxVjofWaFh96DfFoP4FWj4GLaCCL3djHJQEkZ5yJVK9UQ27l&#038;show_text=true&#038;width=500\" width=\"500\" height=\"734\" style=\"border:none;overflow:hidden\" scrolling=\"no\" frameborder=\"0\" allowfullscreen=\"true\" allow=\"autoplay; clipboard-write; encrypted-media; picture-in-picture; web-share\"><\/iframe>&nbsp;<\/p>\n","protected":false},"excerpt":{"rendered":"<p>Z\u00ebvend\u00ebskryeministri i par\u00eb, Artan Grubi vizitoi sot panairin e pun\u00ebs t\u00eb organizuar nga kompania \u201cBechtel &amp; Enka\u201d n\u00eb qytetin e Tetov\u00ebs. Grubi n\u00eb faqen e<\/p>\n","protected":false},"author":14,"featured_media":15907,"comment_status":"open","ping_status":"open","sticky":false,"template":"","format":"standard","meta":{"footnotes":""},"categories":[44],"tags":[],"class_list":["post-15906","post","type-post","status-publish","format-standard","has-post-thumbnail","hentry","category-maqedoni"],"_links":{"self":[{"href":"https:\/\/indeks.bilten.mk\/index.php?rest_route=\/wp\/v2\/posts\/15906","targetHints":{"allow":["GET"]}}],"collection":[{"href":"https:\/\/indeks.bilten.mk\/index.php?rest_route=\/wp\/v2\/posts"}],"about":[{"href":"https:\/\/indeks.bilten.mk\/index.php?rest_route=\/wp\/v2\/types\/post"}],"author":[{"embeddable":true,"href":"https:\/\/indeks.bilten.mk\/index.php?rest_route=\/wp\/v2\/users\/14"}],"replies":[{"embeddable":true,"href":"https:\/\/indeks.bilten.mk\/index.php?rest_route=%2Fwp%2Fv2%2Fcomments&post=15906"}],"version-history":[{"count":0,"href":"https:\/\/indeks.bilten.mk\/index.php?rest_route=\/wp\/v2\/posts\/15906\/revisions"}],"wp:featuredmedia":[{"embeddable":true,"href":"https:\/\/indeks.bilten.mk\/index.php?rest_route=\/wp\/v2\/media\/15907"}],"wp:attachment":[{"href":"https:\/\/indeks.bilten.mk\/index.php?rest_route=%2Fwp%2Fv2%2Fmedia&parent=15906"}],"wp:term":[{"taxonomy":"category","embeddable":true,"href":"https:\/\/indeks.bilten.mk\/index.php?rest_route=%2Fwp%2Fv2%2Fcategories&post=15906"},{"taxonomy":"post_tag","embeddable":true,"href":"https:\/\/indeks.bilten.mk\/index.php?rest_route=%2Fwp%2Fv2%2Ftags&post=15906"}],"curies":[{"name":"wp","href":"https:\/\/api.w.org\/{rel}","templated":true}]}}