{"id":15914,"date":"2023-09-07T09:18:36","date_gmt":"2023-09-07T07:18:36","guid":{"rendered":"https:\/\/indeks.mk\/?p=15914"},"modified":"2023-09-07T09:18:36","modified_gmt":"2023-09-07T07:18:36","slug":"geer-ne-e-duam-maqedonine-e-veriut-ne-be-kjo-eshte-mundesia-juaj","status":"publish","type":"post","link":"https:\/\/indeks.bilten.mk\/?p=15914","title":{"rendered":"Geer: Ne e duam Maqedonin\u00eb e Veriut n\u00eb BE, kjo \u00ebsht\u00eb mund\u00ebsia juaj"},"content":{"rendered":"<p>Ambasadori evropian n\u00eb RMV, David Geer, gjat\u00eb paraqitjes s\u00eb djeshme n\u00eb Sitel tha se teksti p\u00ebr ndryshmin e Kushtetut\u00ebs \u00ebsht\u00eb vet\u00ebm nj\u00eb shtes\u00eb e marr\u00ebdh\u00ebnieve t\u00eb mira t\u00eb brendshme nd\u00ebretnike e cila nuk bie ndesh me interesin themelor t\u00eb shtetit.<\/p>\n<p>Ai theksoi se BE nuk do t\u00eb rinegocioj\u00eb korniz\u00eb t\u00eb re t\u00eb negociatave me RMV-n\u00eb.<\/p>\n<p>\u201cDo t\u00eb ket\u00eb 2 pun\u00eb q\u00eb do t\u00eb jen\u00eb thelb\u00ebsore kur vendi t\u00eb an\u00ebtar\u00ebsohet n\u00eb BE. Po e p\u00ebrs\u00ebris, s\u00eb pari partit\u00eb politike duhet t\u00eb bien dakord q\u00eb reformat e BE-s\u00eb jan\u00eb prioriteti kryesor dhe se do t\u2019i vendosin para t\u00eb gjitha prioriteteve t\u00eb tjera, se ky duhet t\u00eb jet\u00eb nj\u00eb projekt komb\u00ebtar. Nuk \u00ebsht\u00eb e nevojshme t\u00eb b\u00ebsh koalicion, \u00ebsht\u00eb e sh\u00ebndosh\u00eb t\u00eb kesh nj\u00eb qeveri dhe nj\u00eb opozit\u00eb, por duhet t\u00eb bien dakord q\u00eb ky \u00ebsht\u00eb fokusi kryesor. K\u00ebshtu p\u00ebrparoi Kroacia n\u00eb vitet e v\u00ebshtira t\u00eb zbatimit t\u00eb agjend\u00ebs. Dhe gj\u00ebja e dyt\u00eb lidhet s\u00ebrish me at\u00eb q\u00eb un\u00eb e quajta \u201cprojekt komb\u00ebtar\u201d, q\u00eb \u00ebsht\u00eb ajo ambicie dhe vendosm\u00ebri p\u00ebr t\u00eb ecur p\u00ebrpara me reformat duke rrjet\u00ebzuar t\u00eb gjitha institucionet: Qeverin\u00eb, Parlamentin, drejt\u00ebsin\u00eb, policin\u00eb\u2026\u00e7far\u00ebdo q\u00eb keni. N\u00ebse gj\u00ebrat vendosen k\u00ebshtu, data \u00ebsht\u00eb arritur, por duhet t\u00eb zbatohen reformat t\u00eb cilat vet\u00eb qytetar\u00ebt i k\u00ebrkojn\u00eb, tha Geer n\u00eb nj\u00eb intervist\u00eb p\u00ebr Sitel TV.<\/p>\n<p>Ai shtoi se fjalimi i Presidentit t\u00eb K\u00ebshillit Evropian, Charles Michel n\u00eb Bled ishte inkurajues dhe jo nj\u00eb dush i ftoht\u00eb. Ai vler\u00ebsoi se ishte nj\u00eb fjalim q\u00eb u pasqyrua edhe n\u00eb deklaratat e dh\u00ebn\u00eb nga Varhelyi q\u00eb i b\u00ebri m\u00eb von\u00eb, p\u00ebr urgjenc\u00ebn dhe nevoj\u00ebn p\u00ebr t\u00eb ecur p\u00ebrpara.<\/p>\n<p>\u201c\u00cbsht\u00eb e v\u00ebrtet\u00eb q\u00eb Presidenti p\u00ebrmendi vitin 2030 dhe vet\u00eb Presidenti Macron thekson gjithmon\u00eb r\u00ebnd\u00ebsin\u00eb e zgjerimit nga perspektiva e progresit, stabilitetit dhe siguris\u00eb. Ajo q\u00eb m\u00eb habit gjithmon\u00eb \u00ebsht\u00eb se ata q\u00eb komentojn\u00eb, arrijn\u00eb t\u2019i kthejn\u00eb shanset pozitive q\u00eb paraqiten, n\u00eb di\u00e7ka krejt\u00ebsisht t\u00eb kund\u00ebrt, e zeza b\u00ebhet e bardh\u00eb, e bardha b\u00ebhet e zez\u00eb. Ky \u00ebsht\u00eb nj\u00eb shans, ky \u00ebsht\u00eb nj\u00eb mesazh i qart\u00eb p\u00ebr vendet kandidate q\u00eb ne i duam ata brenda, se e duam k\u00ebt\u00eb vend, Maqedonin\u00eb e Veriut n\u00eb BE, ja mund\u00ebsia juaj, ky \u00ebsht\u00eb plani\u201d, tha Geer.<\/p>\n","protected":false},"excerpt":{"rendered":"<p>Ambasadori evropian n\u00eb RMV, David Geer, gjat\u00eb paraqitjes s\u00eb djeshme n\u00eb Sitel tha se teksti p\u00ebr ndryshmin e Kushtetut\u00ebs \u00ebsht\u00eb vet\u00ebm nj\u00eb shtes\u00eb e marr\u00ebdh\u00ebnieve<\/p>\n","protected":false},"author":14,"featured_media":0,"comment_status":"open","ping_status":"open","sticky":false,"template":"","format":"standard","meta":{"footnotes":""},"categories":[44],"tags":[],"class_list":["post-15914","post","type-post","status-publish","format-standard","hentry","category-maqedoni"],"_links":{"self":[{"href":"https:\/\/indeks.bilten.mk\/index.php?rest_route=\/wp\/v2\/posts\/15914","targetHints":{"allow":["GET"]}}],"collection":[{"href":"https:\/\/indeks.bilten.mk\/index.php?rest_route=\/wp\/v2\/posts"}],"about":[{"href":"https:\/\/indeks.bilten.mk\/index.php?rest_route=\/wp\/v2\/types\/post"}],"author":[{"embeddable":true,"href":"https:\/\/indeks.bilten.mk\/index.php?rest_route=\/wp\/v2\/users\/14"}],"replies":[{"embeddable":true,"href":"https:\/\/indeks.bilten.mk\/index.php?rest_route=%2Fwp%2Fv2%2Fcomments&post=15914"}],"version-history":[{"count":0,"href":"https:\/\/indeks.bilten.mk\/index.php?rest_route=\/wp\/v2\/posts\/15914\/revisions"}],"wp:attachment":[{"href":"https:\/\/indeks.bilten.mk\/index.php?rest_route=%2Fwp%2Fv2%2Fmedia&parent=15914"}],"wp:term":[{"taxonomy":"category","embeddable":true,"href":"https:\/\/indeks.bilten.mk\/index.php?rest_route=%2Fwp%2Fv2%2Fcategories&post=15914"},{"taxonomy":"post_tag","embeddable":true,"href":"https:\/\/indeks.bilten.mk\/index.php?rest_route=%2Fwp%2Fv2%2Ftags&post=15914"}],"curies":[{"name":"wp","href":"https:\/\/api.w.org\/{rel}","templated":true}]}}