{"id":15919,"date":"2023-09-07T09:34:01","date_gmt":"2023-09-07T07:34:01","guid":{"rendered":"https:\/\/indeks.mk\/?p=15919"},"modified":"2023-09-07T09:34:01","modified_gmt":"2023-09-07T07:34:01","slug":"fjolla-morina-po-rikthehet-ne-muzike","status":"publish","type":"post","link":"https:\/\/indeks.bilten.mk\/?p=15919","title":{"rendered":"Fjolla Morina po rikthehet n\u00eb muzik\u00eb"},"content":{"rendered":"<p>Pas nj\u00eb pauze t\u00eb gjat\u00eb muzikore, me sa duket Fjolla Morina mund t\u00eb rikthehet shpejt.<\/p>\n<p>K\u00ebt\u00eb e ka paralajm\u00ebruar nj\u00eb mik i saj i cili ndau foto me artisten n\u00eb Instagram duke shkruar: \u2018Ajo do rikthehet s\u00eb shpejti\u2019.<\/p>\n<p>T\u00eb nj\u00ebjt\u00ebn fotografi, Fjolla e ka ripostuar n\u00eb llogarin\u00eb e saj duke mos shtuar asgj\u00eb m\u00eb shum\u00eb.<\/p>\n<p><a href=\"https:\/\/klankosova.tv\/wp-content\/uploads\/2023\/09\/fjolla.jpeg\"><img loading=\"lazy\" decoding=\"async\" class=\"alignnone size-large wp-image-2124230\" src=\"https:\/\/klankosova.tv\/wp-content\/uploads\/2023\/09\/fjolla-601x1024.jpeg\" sizes=\"auto, (max-width: 601px) 100vw, 601px\" srcset=\"https:\/\/klankosova.tv\/wp-content\/uploads\/2023\/09\/fjolla-601x1024.jpeg 601w, https:\/\/klankosova.tv\/wp-content\/uploads\/2023\/09\/fjolla-176x300.jpeg 176w, https:\/\/klankosova.tv\/wp-content\/uploads\/2023\/09\/fjolla-768x1308.jpeg 768w, https:\/\/klankosova.tv\/wp-content\/uploads\/2023\/09\/fjolla-902x1536.jpeg 902w, https:\/\/klankosova.tv\/wp-content\/uploads\/2023\/09\/fjolla-1203x2048.jpeg 1203w, https:\/\/klankosova.tv\/wp-content\/uploads\/2023\/09\/fjolla.jpeg 1284w\" alt=\"\" width=\"601\" height=\"1024\" \/><\/a><\/p>\n<p>Kujtojm\u00eb se Fjolla Morina mujave t\u00eb fundit nuk shfaqej mir\u00eb n\u00eb rrjete sociale, duke p\u00ebrmendur emra t\u00eb ndrysh\u00ebm dhe duke zbuluar, sipas saj \u2018sekrete\u2019.<\/p>\n<p>Megjithat\u00eb, ajo mori trajtimin e duhur n\u00eb spitalin psikiatrik dhe tashm\u00eb gjendja e saj \u00ebsht\u00eb p\u00ebrmir\u00ebsuar, madje Fjolla ka hapur edhe dyqanet dhe po vazhdon biznesin.\/prive<\/p>\n","protected":false},"excerpt":{"rendered":"<p>Pas nj\u00eb pauze t\u00eb gjat\u00eb muzikore, me sa duket Fjolla Morina mund t\u00eb rikthehet shpejt. K\u00ebt\u00eb e ka paralajm\u00ebruar nj\u00eb mik i saj i cili<\/p>\n","protected":false},"author":14,"featured_media":0,"comment_status":"open","ping_status":"open","sticky":false,"template":"","format":"standard","meta":{"footnotes":""},"categories":[49],"tags":[],"class_list":["post-15919","post","type-post","status-publish","format-standard","hentry","category-showbiz"],"_links":{"self":[{"href":"https:\/\/indeks.bilten.mk\/index.php?rest_route=\/wp\/v2\/posts\/15919","targetHints":{"allow":["GET"]}}],"collection":[{"href":"https:\/\/indeks.bilten.mk\/index.php?rest_route=\/wp\/v2\/posts"}],"about":[{"href":"https:\/\/indeks.bilten.mk\/index.php?rest_route=\/wp\/v2\/types\/post"}],"author":[{"embeddable":true,"href":"https:\/\/indeks.bilten.mk\/index.php?rest_route=\/wp\/v2\/users\/14"}],"replies":[{"embeddable":true,"href":"https:\/\/indeks.bilten.mk\/index.php?rest_route=%2Fwp%2Fv2%2Fcomments&post=15919"}],"version-history":[{"count":0,"href":"https:\/\/indeks.bilten.mk\/index.php?rest_route=\/wp\/v2\/posts\/15919\/revisions"}],"wp:attachment":[{"href":"https:\/\/indeks.bilten.mk\/index.php?rest_route=%2Fwp%2Fv2%2Fmedia&parent=15919"}],"wp:term":[{"taxonomy":"category","embeddable":true,"href":"https:\/\/indeks.bilten.mk\/index.php?rest_route=%2Fwp%2Fv2%2Fcategories&post=15919"},{"taxonomy":"post_tag","embeddable":true,"href":"https:\/\/indeks.bilten.mk\/index.php?rest_route=%2Fwp%2Fv2%2Ftags&post=15919"}],"curies":[{"name":"wp","href":"https:\/\/api.w.org\/{rel}","templated":true}]}}