{"id":15921,"date":"2023-09-07T09:57:42","date_gmt":"2023-09-07T07:57:42","guid":{"rendered":"https:\/\/indeks.mk\/?p=15921"},"modified":"2023-09-07T09:57:42","modified_gmt":"2023-09-07T07:57:42","slug":"osmani-realizon-vizite-ne-hungari-takohet-me-homologun-e-tij","status":"publish","type":"post","link":"https:\/\/indeks.bilten.mk\/?p=15921","title":{"rendered":"Osmani realizon vizit\u00eb n\u00eb Hungari, takohet me homologun e tij"},"content":{"rendered":"<p>Ministri i Pun\u00ebve t\u00eb Jashtme, Bujar Osmani sot ka realizuar vizit\u00eb n\u00eb Hungari ku \u00ebsht\u00eb takuar me homologune tij Peter Sijarto.<\/p>\n<p>Osmani takimin e ka realizuar n\u00eb cil\u00ebsin\u00eb e kryesuesit t\u00eb OSBE-s\u00eb.<\/p>\n<p>\u201cSot, p\u00ebrve\u00e7 OKB-s\u00eb ekziston vet\u00ebm nj\u00eb organizat\u00eb ku ekziston nj\u00eb mund\u00ebsi dometh\u00ebn\u00ebse p\u00ebr dialog midis Lindjes dhe Per\u00ebndimit. Kjo \u00ebsht\u00eb OSBE, ku p\u00ebrfaq\u00ebsohen edhe Rusia, edhe vendet per\u00ebndimore. Edhe n\u00ebse ky kanal komunikimi nd\u00ebrpritet dhe OSBE-ja nuk mund t\u00eb p\u00ebrmbush\u00eb misionin e saj, ne jemi nj\u00eb hap m\u00eb larg nga paqja, ku paqja \u00ebsht\u00eb zgjidhja e vetme p\u00ebr t\u00eb shp\u00ebtuar jet\u00eb. Miku dhe kolegu im i mir\u00eb i vjet\u00ebr, Bujar Osmani, \u00ebsht\u00eb kryesues i rregullt i OSBE-s\u00eb si minist\u00ebr i Jasht\u00ebm i Maqedonis\u00eb s\u00eb Veriut. Nuk \u00ebsht\u00eb nj\u00eb detyr\u00eb e leht\u00eb, por ne po p\u00ebrpiqemi t\u2019ju ndihmojm\u00eb q\u00eb ta zgjidhni at\u00eb\u201d, ka shkruar Sijarto n\u00eb rrjetet sociale.<\/p>\n","protected":false},"excerpt":{"rendered":"<p>Ministri i Pun\u00ebve t\u00eb Jashtme, Bujar Osmani sot ka realizuar vizit\u00eb n\u00eb Hungari ku \u00ebsht\u00eb takuar me homologune tij Peter Sijarto. Osmani takimin e ka<\/p>\n","protected":false},"author":14,"featured_media":15922,"comment_status":"open","ping_status":"open","sticky":false,"template":"","format":"standard","meta":{"footnotes":""},"categories":[44],"tags":[],"class_list":["post-15921","post","type-post","status-publish","format-standard","has-post-thumbnail","hentry","category-maqedoni"],"_links":{"self":[{"href":"https:\/\/indeks.bilten.mk\/index.php?rest_route=\/wp\/v2\/posts\/15921","targetHints":{"allow":["GET"]}}],"collection":[{"href":"https:\/\/indeks.bilten.mk\/index.php?rest_route=\/wp\/v2\/posts"}],"about":[{"href":"https:\/\/indeks.bilten.mk\/index.php?rest_route=\/wp\/v2\/types\/post"}],"author":[{"embeddable":true,"href":"https:\/\/indeks.bilten.mk\/index.php?rest_route=\/wp\/v2\/users\/14"}],"replies":[{"embeddable":true,"href":"https:\/\/indeks.bilten.mk\/index.php?rest_route=%2Fwp%2Fv2%2Fcomments&post=15921"}],"version-history":[{"count":0,"href":"https:\/\/indeks.bilten.mk\/index.php?rest_route=\/wp\/v2\/posts\/15921\/revisions"}],"wp:featuredmedia":[{"embeddable":true,"href":"https:\/\/indeks.bilten.mk\/index.php?rest_route=\/wp\/v2\/media\/15922"}],"wp:attachment":[{"href":"https:\/\/indeks.bilten.mk\/index.php?rest_route=%2Fwp%2Fv2%2Fmedia&parent=15921"}],"wp:term":[{"taxonomy":"category","embeddable":true,"href":"https:\/\/indeks.bilten.mk\/index.php?rest_route=%2Fwp%2Fv2%2Fcategories&post=15921"},{"taxonomy":"post_tag","embeddable":true,"href":"https:\/\/indeks.bilten.mk\/index.php?rest_route=%2Fwp%2Fv2%2Ftags&post=15921"}],"curies":[{"name":"wp","href":"https:\/\/api.w.org\/{rel}","templated":true}]}}