{"id":15924,"date":"2023-09-07T10:07:59","date_gmt":"2023-09-07T08:07:59","guid":{"rendered":"https:\/\/indeks.mk\/?p=15924"},"modified":"2023-09-07T10:07:59","modified_gmt":"2023-09-07T08:07:59","slug":"nga-1-dhjetori-rikthehet-tarifa-e-lire-ditore-per-energjine-elektrike","status":"publish","type":"post","link":"https:\/\/indeks.bilten.mk\/?p=15924","title":{"rendered":"Nga 1 dhjetori rikthehet tarifa e lir\u00eb ditore p\u00ebr energjin\u00eb elektrike"},"content":{"rendered":"<p>Tarifa e lir\u00eb e energjis\u00eb elektrike n\u00eb periudh\u00ebn prej or\u00ebs 13 deri n\u00eb 15:00 do t\u00eb jet\u00eb n\u00eb dispozicion nga 1 dhjetori p\u00ebr rreth 200 mij\u00eb konsumator\u00eb t\u00eb cil\u00ebt kan\u00eb t\u00eb ashtuquajtur mat\u00ebs smart, dhe atyre q\u00eb do t\u00eb ofrojn\u00eb qasje t\u00eb papenguar n\u00eb mat\u00ebset e EVN-s\u00eb.<\/p>\n<p>Sasho Saltirovski, drejtor i EVN, u b\u00ebri thirrje p\u00ebrdoruesve q\u00eb t\u00eb sigurojn\u00eb qasje n\u00eb mat\u00ebset \u00a0e rrym\u00ebs n\u00ebse duan t\u00eb p\u00ebrdorin rrym\u00ebn e lir\u00eb.<\/p>\n<p><strong>\u00a0\u201cJemi drejt fundit t\u00eb p\u00ebrgatitjeve, ashtu si\u00e7 edhe premtuam, deri m\u00eb 1 dhjetor gjith\u00e7ka do t\u00eb jet\u00eb gati.<\/strong><strong>\u00a0Disa prej mat\u00ebsve \u00a0jan\u00eb \u201csmart\u201d, ato do t\u2019i rregullojm\u00eb brenda nat\u00ebs dhe tashm\u00eb nga 1 dhjetori 200 mij\u00eb p\u00ebrdorues do t\u00eb ken\u00eb vendosur tarifa dhe pjesa tjet\u00ebr do t\u00eb jet\u00eb gjat\u00eb muajit. Shum\u00eb do t\u00eb varet nga konsumator\u00ebt. K\u00ebrkoj nga t\u00eb gjith\u00eb qytetar\u00ebt q\u00eb t\u2019i v\u00ebn\u00eb n\u00eb dispozicion mat\u00ebsit, q\u00eb lexuesit tan\u00eb t\u2019i lexojn\u00eb, sepse mat\u00ebset vendosen gjat\u00eb leximit. T\u00eb gjitha ato q\u00eb do t\u00eb jen\u00eb n\u00eb dispozicion gjat\u00eb muajit dhjetor do t\u00eb vendosen. M\u00eb s\u00eb shumti do t\u00eb varet nga disponueshm\u00ebria e mat\u00ebsve\u201d, tha Sasho Saltirovski drejtor i EVN-s\u00eb.<\/strong><\/p>\n<p>Nga EVN Maqedoni thon\u00eb se humbjet m\u00eb t\u00eb m\u00ebdha t\u00eb energjis\u00eb elektrike jan\u00eb n\u00eb qytetin e Shkupit.<\/p>\n<p>Nga kjo kompani theksojn\u00eb se humbjet nuk regjistrohen vet\u00ebm n\u00eb qytete apo komuna ku \u00ebsht\u00eb shumic\u00eb nj\u00eb p\u00ebrkat\u00ebsi etnike.<\/p>\n<p><center><ins id=\"revive-0-3\" data-revive-zoneid=\"31\" data-revive-block=\"1\" data-revive-blockcampaign=\"1\" data-revive-id=\"a062c7aea6d45e18b401bd6f5007a9a9\" data-revive-seq=\"3\" data-revive-loaded=\"1\"><\/p>\n<div id=\"beacon_d3dcc74a15\"><img loading=\"lazy\" decoding=\"async\" src=\"https:\/\/ads.tv21.tv\/www\/delivery\/lg.php?bannerid=250&amp;campaignid=47&amp;zoneid=31&amp;loc=https%3A%2F%2Ftv21.tv%2Fnga-1-dhjetori-rikthehet-tarifa-e-lire-gjate-dites-vlen-per-200-mije-konsumatore-per-tjeret-rregullohet-deri-ne-fundvit%2F&amp;referer=https%3A%2F%2Ffax.al%2F&amp;cb=d3dcc74a15\" alt=\"\" width=\"0\" height=\"0\" \/><strong>\u00a0\u201cP\u00ebr shembull Tetova ka humbje m\u00eb t\u00eb vogla se Manastiri, k\u00ebshtu q\u00eb nuk \u00ebsht\u00eb e lidhur kjo etnikisht. Dhe do t\u00eb doja k\u00ebt\u00eb, ja n\u00eb periudh\u00ebn e fundit ishte shum\u00eb prezent n\u00eb media. Varet nga rajoni dhe nga shum\u00eb faktor\u00eb t\u00eb tjer\u00eb, politik, ekonomik, por nuk \u00ebsht\u00eb e lidhur etnikisht sikurse \u00ebsht\u00eb treguar. P\u00ebr shembull K\u00ebr\u00e7ova dhe Struga kan\u00eb humbje t\u00eb vogla, n\u00eb Shkup humbja e energjis\u00eb elektrike \u00ebsht\u00eb 20%\u201d, pohoi Sasho Saltirovski drejtor i EVN-s\u00eb.<\/strong><\/div>\n<p><\/ins><\/center>N\u00eb Hara\u00e7in\u00eb, mat\u00ebset jan\u00eb n\u00eb rrug\u00eb dhe ka 10 p\u00ebr qind humbje n\u00eb qershor dhe korrik, k\u00ebshtu q\u00eb problemi tashm\u00eb \u00ebsht\u00eb mesatar. Saltirovski njoftoi se problemet jan\u00eb tejkaluar edhe n\u00eb Likov\u00eb. Sipas tij kjo do t\u00eb jet\u00eb komuna e par\u00eb n\u00eb vend e mbuluar t\u00ebr\u00ebsisht me mat\u00ebse \u201csmart\u201d.<\/p>\n<p><center><ins id=\"revive-0-4\" data-revive-zoneid=\"31\" data-revive-block=\"1\" data-revive-blockcampaign=\"1\" data-revive-id=\"a062c7aea6d45e18b401bd6f5007a9a9\" data-revive-seq=\"4\" data-revive-loaded=\"1\"><\/p>\n<div id=\"beacon_58fdc01abb\"><img loading=\"lazy\" decoding=\"async\" src=\"https:\/\/ads.tv21.tv\/www\/delivery\/lg.php?bannerid=350&amp;campaignid=6&amp;zoneid=31&amp;loc=https%3A%2F%2Ftv21.tv%2Fnga-1-dhjetori-rikthehet-tarifa-e-lire-gjate-dites-vlen-per-200-mije-konsumatore-per-tjeret-rregullohet-deri-ne-fundvit%2F&amp;referer=https%3A%2F%2Ffax.al%2F&amp;cb=58fdc01abb\" alt=\"\" width=\"0\" height=\"0\" \/><\/div>\n<p><\/ins><\/center><\/p>\n","protected":false},"excerpt":{"rendered":"<p>Tarifa e lir\u00eb e energjis\u00eb elektrike n\u00eb periudh\u00ebn prej or\u00ebs 13 deri n\u00eb 15:00 do t\u00eb jet\u00eb n\u00eb dispozicion nga 1 dhjetori p\u00ebr rreth 200<\/p>\n","protected":false},"author":14,"featured_media":0,"comment_status":"open","ping_status":"open","sticky":false,"template":"","format":"standard","meta":{"footnotes":""},"categories":[44],"tags":[],"class_list":["post-15924","post","type-post","status-publish","format-standard","hentry","category-maqedoni"],"_links":{"self":[{"href":"https:\/\/indeks.bilten.mk\/index.php?rest_route=\/wp\/v2\/posts\/15924","targetHints":{"allow":["GET"]}}],"collection":[{"href":"https:\/\/indeks.bilten.mk\/index.php?rest_route=\/wp\/v2\/posts"}],"about":[{"href":"https:\/\/indeks.bilten.mk\/index.php?rest_route=\/wp\/v2\/types\/post"}],"author":[{"embeddable":true,"href":"https:\/\/indeks.bilten.mk\/index.php?rest_route=\/wp\/v2\/users\/14"}],"replies":[{"embeddable":true,"href":"https:\/\/indeks.bilten.mk\/index.php?rest_route=%2Fwp%2Fv2%2Fcomments&post=15924"}],"version-history":[{"count":0,"href":"https:\/\/indeks.bilten.mk\/index.php?rest_route=\/wp\/v2\/posts\/15924\/revisions"}],"wp:attachment":[{"href":"https:\/\/indeks.bilten.mk\/index.php?rest_route=%2Fwp%2Fv2%2Fmedia&parent=15924"}],"wp:term":[{"taxonomy":"category","embeddable":true,"href":"https:\/\/indeks.bilten.mk\/index.php?rest_route=%2Fwp%2Fv2%2Fcategories&post=15924"},{"taxonomy":"post_tag","embeddable":true,"href":"https:\/\/indeks.bilten.mk\/index.php?rest_route=%2Fwp%2Fv2%2Ftags&post=15924"}],"curies":[{"name":"wp","href":"https:\/\/api.w.org\/{rel}","templated":true}]}}