{"id":15928,"date":"2023-09-07T10:49:29","date_gmt":"2023-09-07T08:49:29","guid":{"rendered":"https:\/\/indeks.mk\/?p=15928"},"modified":"2023-09-07T10:49:29","modified_gmt":"2023-09-07T08:49:29","slug":"ylli-i-youtube-vritet-ne-gjume-nga-i-ati-nuk-pranoi-martesen-e-se-bijes-me-nje-djale-sirian","status":"publish","type":"post","link":"https:\/\/indeks.bilten.mk\/?p=15928","title":{"rendered":"Ylli i Youtube vritet n\u00eb gjum\u00eb nga i ati, nuk pranoi martes\u00ebn e s\u00eb bij\u00ebs me nj\u00eb djal\u00eb sirian"},"content":{"rendered":"<p>Tiba al-Ali, nj\u00eb nga figurat m\u00eb t\u00eb njohura n\u00eb \u201cYoutube\u201d, me origjin\u00eb iraniane u vra pa m\u00ebshir\u00eb nga i ati, vet\u00ebm se ky i fundit nuk ishte dakord me martes\u00ebn e s\u00eb bij\u00ebs me nj\u00eb djal\u00eb sirian, njoftojn\u00eb\u00a0<strong><em><a href=\"https:\/\/www.bbc.com\/news\/world-middle-east-64533577\" target=\"_blank\" rel=\"noreferrer noopener\">mediat e huaja<\/a><\/em><\/strong>.<\/p>\n<p>N\u00eb janar t\u00eb vitit 2021, ajo u kthye n\u00eb Irak p\u00ebr t\u00eb vizituar familjen e saj, por tragjikisht ra viktim\u00eb e nj\u00eb akti t\u00eb kryer nga babai i saj. Tajip Ali, jo vet\u00ebm q\u00eb nuk e mb\u00ebshteti zgjedhjen e s\u00eb bij\u00ebs, por arriti deri n\u00eb aktin barbar, duke e mbytur n\u00eb gjum\u00eb.<\/p>\n<p>Por, ajo q\u00eb e b\u00ebn m\u00eb t\u00eb r\u00ebnd\u00eb k\u00ebt\u00eb krim \u00ebsht\u00eb d\u00ebnimi qesharak q\u00eb mori p\u00ebr k\u00ebt\u00eb vrasje babai i Tibas, t\u00eb cilin gjykata e la pas hekurave vet\u00ebm gjasht\u00eb muaj. D\u00ebnim ky, q\u00eb nxiti nj\u00eb zem\u00ebrim t\u00eb madh t\u00eb grave dhe aktivisteve t\u00eb t\u00eb drejtave t\u00eb tyre n\u00eb mbar\u00eb bot\u00ebn e n\u00eb Irak. Aktivistet e njohura femra n\u00eb mediat sociale theksuan se vrasja e Aliut nuk ishte nj\u00eb incident i izoluar dhe se shum\u00eb \u201cvrasje nderi\u201d mbet\u00ebn t\u00eb paraportuara dhe se duhet t\u00eb marrin nd\u00ebshkimin e duhur nga autoritetet ligjzbatuese.<\/p>\n<div><\/div>\n<p>&nbsp;<\/p>\n<div class=\"lm-zs-enabled overlay-plain\" data-lm-zs-src=\"[&quot;https:\/\/www.gazetaexpress.com\/wp-content\/uploads\/2023\/09\/Capture-75.jpg&quot;, &quot;https:\/\/www.gazetaexpress.com\/wp-content\/uploads\/2023\/09\/dacic-gervalla.jpg&quot;, &quot;https:\/\/www.gazetaexpress.com\/wp-content\/uploads\/2023\/09\/Capture-74.jpg&quot;, &quot;https:\/\/www.gazetaexpress.com\/wp-content\/uploads\/2019\/09\/arrestohen-dy-persona-hd-1469879436-7973511-1490816710-8552631_1491843617-2479292-1.jpg&quot;]\">\n<div class=\"lm-zs-slideshow\">\n<div class=\"lm-click-for-story\"><\/div>\n<\/div>\n<\/div>\n","protected":false},"excerpt":{"rendered":"<p>Tiba al-Ali, nj\u00eb nga figurat m\u00eb t\u00eb njohura n\u00eb \u201cYoutube\u201d, me origjin\u00eb iraniane u vra pa m\u00ebshir\u00eb nga i ati, vet\u00ebm se ky i fundit<\/p>\n","protected":false},"author":14,"featured_media":15929,"comment_status":"open","ping_status":"open","sticky":false,"template":"","format":"standard","meta":{"footnotes":""},"categories":[49],"tags":[],"class_list":["post-15928","post","type-post","status-publish","format-standard","has-post-thumbnail","hentry","category-showbiz"],"_links":{"self":[{"href":"https:\/\/indeks.bilten.mk\/index.php?rest_route=\/wp\/v2\/posts\/15928","targetHints":{"allow":["GET"]}}],"collection":[{"href":"https:\/\/indeks.bilten.mk\/index.php?rest_route=\/wp\/v2\/posts"}],"about":[{"href":"https:\/\/indeks.bilten.mk\/index.php?rest_route=\/wp\/v2\/types\/post"}],"author":[{"embeddable":true,"href":"https:\/\/indeks.bilten.mk\/index.php?rest_route=\/wp\/v2\/users\/14"}],"replies":[{"embeddable":true,"href":"https:\/\/indeks.bilten.mk\/index.php?rest_route=%2Fwp%2Fv2%2Fcomments&post=15928"}],"version-history":[{"count":0,"href":"https:\/\/indeks.bilten.mk\/index.php?rest_route=\/wp\/v2\/posts\/15928\/revisions"}],"wp:featuredmedia":[{"embeddable":true,"href":"https:\/\/indeks.bilten.mk\/index.php?rest_route=\/wp\/v2\/media\/15929"}],"wp:attachment":[{"href":"https:\/\/indeks.bilten.mk\/index.php?rest_route=%2Fwp%2Fv2%2Fmedia&parent=15928"}],"wp:term":[{"taxonomy":"category","embeddable":true,"href":"https:\/\/indeks.bilten.mk\/index.php?rest_route=%2Fwp%2Fv2%2Fcategories&post=15928"},{"taxonomy":"post_tag","embeddable":true,"href":"https:\/\/indeks.bilten.mk\/index.php?rest_route=%2Fwp%2Fv2%2Ftags&post=15928"}],"curies":[{"name":"wp","href":"https:\/\/api.w.org\/{rel}","templated":true}]}}