{"id":15931,"date":"2023-09-07T10:57:04","date_gmt":"2023-09-07T08:57:04","guid":{"rendered":"https:\/\/indeks.mk\/?p=15931"},"modified":"2023-09-07T10:57:04","modified_gmt":"2023-09-07T08:57:04","slug":"grafite-serbe-kur-ushtria-te-kthehet-ne-kosove-shfaqen-ne-kosove","status":"publish","type":"post","link":"https:\/\/indeks.bilten.mk\/?p=15931","title":{"rendered":"Grafite serbe &#8220;Kur ushtria t\u00eb kthehet n\u00eb Kosov\u00eb&#8221; shfaqen n\u00eb Kosov\u00eb"},"content":{"rendered":"<p><strong>Policia ka hapur rast, pasi gjat\u00eb patrullimit, n\u00eb muret e disa sht\u00ebpive kan\u00eb v\u00ebrejtur disa grafite shkruara me p\u00ebrmbajtje kund\u00ebr rendit kushtetues t\u00eb Republik\u00ebs s\u00eb Kosov\u00ebs, shkruan Gazeta Express.<\/strong><\/p>\n<p>P\u00ebr rastin \u00ebsht\u00eb njoftuar edhe prokurori.<\/p>\n<div class=\"\">\n<div id=\"M634059ScriptRootC1190148_061cc\">\n<div id=\"MarketGidComposite1190148_061cc\">Policia ka hapur rast \u201csulm kund\u00ebr rendit kushtetues\u201d.<\/div>\n<\/div>\n<\/div>\n<p>\u201cLeposaviq 06.09.2023 \u2013 00:40. Nj\u00ebsitet policore gjat\u00eb patrullimit n\u00eb muret e disa sht\u00ebpive kan\u00eb v\u00ebrejtur disa grafit\u00eb t\u00eb shkruara me p\u00ebrmbajtje kund\u00ebr rendit kushtetues t\u00eb Republik\u00ebs s\u00eb Kosov\u00ebs. N\u00eb lidhje me rastin \u00ebsht\u00eb konsultuar prokurori i shtetit, rasti vazhdon t\u00eb hetohet nga ekipet p\u00ebrkat\u00ebse te hetuesis\u00eb\u201d, thuhet n\u00eb njoftimin e policis\u00eb. \/Express\/<\/p>\n","protected":false},"excerpt":{"rendered":"<p>Policia ka hapur rast, pasi gjat\u00eb patrullimit, n\u00eb muret e disa sht\u00ebpive kan\u00eb v\u00ebrejtur disa grafite shkruara me p\u00ebrmbajtje kund\u00ebr rendit kushtetues t\u00eb Republik\u00ebs s\u00eb<\/p>\n","protected":false},"author":14,"featured_media":15932,"comment_status":"open","ping_status":"open","sticky":false,"template":"","format":"standard","meta":{"footnotes":""},"categories":[45],"tags":[],"class_list":["post-15931","post","type-post","status-publish","format-standard","has-post-thumbnail","hentry","category-rajoni"],"_links":{"self":[{"href":"https:\/\/indeks.bilten.mk\/index.php?rest_route=\/wp\/v2\/posts\/15931","targetHints":{"allow":["GET"]}}],"collection":[{"href":"https:\/\/indeks.bilten.mk\/index.php?rest_route=\/wp\/v2\/posts"}],"about":[{"href":"https:\/\/indeks.bilten.mk\/index.php?rest_route=\/wp\/v2\/types\/post"}],"author":[{"embeddable":true,"href":"https:\/\/indeks.bilten.mk\/index.php?rest_route=\/wp\/v2\/users\/14"}],"replies":[{"embeddable":true,"href":"https:\/\/indeks.bilten.mk\/index.php?rest_route=%2Fwp%2Fv2%2Fcomments&post=15931"}],"version-history":[{"count":0,"href":"https:\/\/indeks.bilten.mk\/index.php?rest_route=\/wp\/v2\/posts\/15931\/revisions"}],"wp:featuredmedia":[{"embeddable":true,"href":"https:\/\/indeks.bilten.mk\/index.php?rest_route=\/wp\/v2\/media\/15932"}],"wp:attachment":[{"href":"https:\/\/indeks.bilten.mk\/index.php?rest_route=%2Fwp%2Fv2%2Fmedia&parent=15931"}],"wp:term":[{"taxonomy":"category","embeddable":true,"href":"https:\/\/indeks.bilten.mk\/index.php?rest_route=%2Fwp%2Fv2%2Fcategories&post=15931"},{"taxonomy":"post_tag","embeddable":true,"href":"https:\/\/indeks.bilten.mk\/index.php?rest_route=%2Fwp%2Fv2%2Ftags&post=15931"}],"curies":[{"name":"wp","href":"https:\/\/api.w.org\/{rel}","templated":true}]}}