{"id":15937,"date":"2023-09-07T11:18:19","date_gmt":"2023-09-07T09:18:19","guid":{"rendered":"https:\/\/indeks.mk\/?p=15937"},"modified":"2023-09-07T11:18:19","modified_gmt":"2023-09-07T09:18:19","slug":"paralajmeron-be-serbia-rrezikon-liberalizimin-e-vizave-shkaku-i-ruseve-qe-marrin-nenshtetesine-serbe","status":"publish","type":"post","link":"https:\/\/indeks.bilten.mk\/?p=15937","title":{"rendered":"Paralajm\u00ebron BE: Serbia rrezikon liberalizimin e vizave, shkaku i rus\u00ebve q\u00eb marrin n\u00ebnshtet\u00ebsin\u00eb serbe"},"content":{"rendered":"<p>Komisioni Evropian ka shprehur edhe nj\u00eb her\u00eb shqet\u00ebsimin p\u00ebr faktin se nj\u00eb num\u00ebr i madh i rus\u00ebve marrin n\u00ebnshtet\u00ebsin\u00eb serbe me procedur\u00eb t\u00eb p\u00ebrshpejtuar, sepse m\u00eb pas hyjn\u00eb n\u00eb zon\u00ebn Shengen pa pasur nevoj\u00eb p\u00ebr viz\u00eb. Sipas KE-s\u00eb, kjo paraqet nj\u00eb rrezik sigurie p\u00ebr Evrop\u00ebn. Sa i p\u00ebrket Serbis\u00eb, n\u00eb k\u00ebt\u00eb m\u00ebnyr\u00eb rrezikon liberalizimin e vizave.<\/p>\n<p>Duke marr\u00eb parasysh numrin e madh t\u00eb rus\u00ebve q\u00eb u \u00ebsht\u00eb dh\u00ebn\u00eb shtet\u00ebsia nga Serbia sipas rregullave t\u00eb thjeshtuara dhe m\u00eb pas hyjn\u00eb n\u00eb zon\u00ebn Shengen pa pasur nevoj\u00eb p\u00ebr viz\u00eb, Komisioni tha se ata jan\u00eb t\u00eb shqet\u00ebsuar p\u00ebr rreziqet e mundshme t\u00eb siguris\u00eb n\u00eb bllok.<\/p>\n<p>Duke komentuar k\u00ebt\u00eb \u00e7\u00ebshtje, z\u00ebdh\u00ebn\u00ebsi i Komisionit Evropian tha p\u00ebr Radion Evropa e Lir\u00eb se Serbia duhet t\u00eb harmonizoj\u00eb politik\u00ebn e vizave dhe nuk u jep shtet\u00ebsin\u00eb rus\u00ebve me procedur\u00eb t\u00eb p\u00ebrshpejtuar.<\/p>\n<p>P\u00ebr m\u00eb tep\u00ebr, z\u00ebdh\u00ebn\u00ebsja tha se Serbia, si vend kandidat, duhet t\u00eb vendos\u00eb rregulla m\u00eb t\u00eb rrepta ndaj Rusis\u00eb dhe n\u00eb t\u00eb nj\u00ebjt\u00ebn koh\u00eb theksoi se situata aktualisht po monitorohet nga af\u00ebr.<\/p>\n<p>\u201cKomisioni Evropian \u00ebsht\u00eb n\u00eb dijeni t\u00eb numrit t\u00eb madh t\u00eb qytetar\u00ebve rus\u00eb q\u00eb u vendos\u00ebn n\u00eb Serbi pas agresionit rus kund\u00ebr Ukrain\u00ebs. Si vend kandidat, Serbia pritet t\u00eb p\u00ebrshtatet n\u00eb m\u00ebnyr\u00eb progresive me politikat dhe vendimet e Bashkimit Evropian. Komisioni po monitoron me kujdes situat\u00ebn dhe po shk\u00ebmben informacione me autoritetet serbe n\u00eb lidhje me pranin\u00eb e qytetar\u00ebve rus\u00eb n\u00eb Serbi\u201d, tha z\u00ebdh\u00ebn\u00ebsi n\u00eb nj\u00eb deklarat\u00eb.<\/p>\n<p>Megjithat\u00eb, nuk \u00ebsht\u00eb b\u00ebr\u00eb e ditur se \u00e7far\u00eb masash do t\u00eb marr\u00eb Komisioni n\u00eb rast se Serbia do t\u00eb vazhdoj\u00eb t\u2019u jap\u00eb shtet\u00ebsin\u00eb rus\u00ebve me procedur\u00eb t\u00eb p\u00ebrshpejtuar dhe nuk do t\u00eb harmonizoj\u00eb politik\u00ebn e saj t\u00eb vizave.<\/p>\n<p>Kjo nuk \u00ebsht\u00eb hera e par\u00eb q\u00eb BE shpreh shqet\u00ebsim. M\u00eb her\u00ebt n\u00eb maj t\u00eb k\u00ebtij viti, Komisioni njoftoi se ishte i shqet\u00ebsuar p\u00ebr dh\u00ebnien e shtet\u00ebsis\u00eb nga Serbia p\u00ebr qytetar\u00ebt e vendeve t\u00eb tjera sipas rregullave t\u00eb thjeshtuara.<\/p>\n<p>N\u00eb at\u00eb koh\u00eb, z\u00ebdh\u00ebn\u00ebsi i Komisionit Evropian tha se Serbia rrezikon nj\u00eb regjim pa viza, sepse \u00ebsht\u00eb rritur numri i shtetasve t\u00eb vendeve t\u00eb treta q\u00eb marrin n\u00ebnshtet\u00ebsin\u00eb dhe m\u00eb pas hyjn\u00eb n\u00eb vendet e BE-s\u00eb pa viza.<\/p>\n<p>Gazetarja e \u201cEuropean Western Balkans\u201d Sofija Popovi\u0107 thot\u00eb p\u00ebr Nova se n\u00eb disa raste gjat\u00eb gjasht\u00eb muajve t\u00eb fundit kemi mundur t\u00eb shohim paralajm\u00ebrime nga Komisioni Evropian p\u00ebr shkak t\u00eb dispozitave t\u00eb reja t\u00eb ligjit serb, me t\u00eb cilat shtet\u00ebsia jon\u00eb mund t\u00eb merret pas nj\u00eb viti q\u00ebndrimi. n\u00eb vend, m\u00eb e leht\u00eb se m\u00eb par\u00eb.<\/p>\n<p>\u201cKonkretisht, arsyeja e frik\u00ebs s\u00eb Brukselit q\u00ebndron n\u00eb faktin se nj\u00eb num\u00ebr i madh i qytetar\u00ebve rus\u00eb, t\u00eb cil\u00ebt p\u00ebrndryshe i n\u00ebnshtrohen kufizimeve t\u00eb udh\u00ebtimit n\u00eb BE, mund t\u00eb arratisen me pasaport\u00eb serbe. \u201cSiguria e zon\u00ebs Shengen \u00ebsht\u00eb e nj\u00eb r\u00ebnd\u00ebsie t\u00eb madhe p\u00ebr Bashkimin Evropian dhe Brukseli nuk do t\u00eb lejoj\u00eb q\u00eb rregullat dhe procedurat e BE-s\u00eb t\u00eb shkelen p\u00ebrmes Serbis\u00eb\u201d, thot\u00eb Popovi\u0107.<\/p>\n<p>Ajo tregon se kjo nuk \u00ebsht\u00eb hera e par\u00eb q\u00eb autoritetet serbe luajn\u00eb me regjimin pa viza p\u00ebr qytetar\u00ebt serb\u00eb.<\/p>\n<p>\u201cNj\u00eb problem i ngjash\u00ebm ka ekzistuar edhe vitin e kaluar, kur Serbia s\u00eb pari hoqi regjimin pa viza p\u00ebr qytetar\u00ebt e atyre vendeve q\u00eb normalisht kishin nevoj\u00eb p\u00ebr viz\u00eb p\u00ebr n\u00eb BE, dhe m\u00eb pas, si paralajm\u00ebrim, vendosi s\u00ebrish viza p\u00ebr t\u00eb nj\u00ebjtat\u201d, thot\u00eb Popoviq.<\/p>\n<p>\u201cBesoj se n\u00eb fund masat e tilla do t\u00eb braktisen dhe se nuk do t\u00eb lejohet t\u00eb rrezikohet regjimi pa viza p\u00ebr Serbin\u00eb, q\u00eb n\u00eb syt\u00eb e qytetar\u00ebve \u00ebsht\u00eb nj\u00eb nga arritjet m\u00eb t\u00eb m\u00ebdha t\u00eb procesit t\u00eb integrimit evropian deri m\u00eb tani. Megjithat\u00eb, \u00ebsht\u00eb dekurajuese q\u00eb pas kaq shum\u00eb vitesh t\u00eb procesit t\u00eb integrimit evropian, autoritetet nuk e marrin parasysh automatikisht detyrimin p\u00ebr t\u00eb zbatuar rregulloret evropiane p\u00ebr t\u00eb cilat jemi zotuar, por k\u00ebt\u00eb duhet t\u00eb na kujtoj\u00eb Brukseli\u201d<\/p>\n","protected":false},"excerpt":{"rendered":"<p>Komisioni Evropian ka shprehur edhe nj\u00eb her\u00eb shqet\u00ebsimin p\u00ebr faktin se nj\u00eb num\u00ebr i madh i rus\u00ebve marrin n\u00ebnshtet\u00ebsin\u00eb serbe me procedur\u00eb t\u00eb p\u00ebrshpejtuar, sepse<\/p>\n","protected":false},"author":14,"featured_media":0,"comment_status":"open","ping_status":"open","sticky":false,"template":"","format":"standard","meta":{"footnotes":""},"categories":[45],"tags":[],"class_list":["post-15937","post","type-post","status-publish","format-standard","hentry","category-rajoni"],"_links":{"self":[{"href":"https:\/\/indeks.bilten.mk\/index.php?rest_route=\/wp\/v2\/posts\/15937","targetHints":{"allow":["GET"]}}],"collection":[{"href":"https:\/\/indeks.bilten.mk\/index.php?rest_route=\/wp\/v2\/posts"}],"about":[{"href":"https:\/\/indeks.bilten.mk\/index.php?rest_route=\/wp\/v2\/types\/post"}],"author":[{"embeddable":true,"href":"https:\/\/indeks.bilten.mk\/index.php?rest_route=\/wp\/v2\/users\/14"}],"replies":[{"embeddable":true,"href":"https:\/\/indeks.bilten.mk\/index.php?rest_route=%2Fwp%2Fv2%2Fcomments&post=15937"}],"version-history":[{"count":0,"href":"https:\/\/indeks.bilten.mk\/index.php?rest_route=\/wp\/v2\/posts\/15937\/revisions"}],"wp:attachment":[{"href":"https:\/\/indeks.bilten.mk\/index.php?rest_route=%2Fwp%2Fv2%2Fmedia&parent=15937"}],"wp:term":[{"taxonomy":"category","embeddable":true,"href":"https:\/\/indeks.bilten.mk\/index.php?rest_route=%2Fwp%2Fv2%2Fcategories&post=15937"},{"taxonomy":"post_tag","embeddable":true,"href":"https:\/\/indeks.bilten.mk\/index.php?rest_route=%2Fwp%2Fv2%2Ftags&post=15937"}],"curies":[{"name":"wp","href":"https:\/\/api.w.org\/{rel}","templated":true}]}}