{"id":15943,"date":"2023-09-07T13:00:39","date_gmt":"2023-09-07T11:00:39","guid":{"rendered":"https:\/\/indeks.mk\/?p=15943"},"modified":"2023-09-07T13:00:39","modified_gmt":"2023-09-07T11:00:39","slug":"butikofer-shba-dhe-be-po-bejne-politike-te-njeanshme-ne-favor-te-serbise-duke-sanksionuar-kosoven","status":"publish","type":"post","link":"https:\/\/indeks.bilten.mk\/?p=15943","title":{"rendered":"Butikofer: SHBA dhe BE po b\u00ebjn\u00eb politik\u00eb t\u00eb nj\u00ebanshme n\u00eb favor t\u00eb Serbis\u00eb duke sanksionuar Kosov\u00ebn"},"content":{"rendered":"<p><strong>Politikani gjerman dhe deputeti i Parlamentit Evropian, Reihnard Butikofer, ka reaguar pas takimit q\u00eb Sekretari Gjeneral i NATO-s, Jens Stoltenberg, ka pasur me presidenten e Kosov\u00ebs, Vjosa Osmanin.<\/strong><\/p>\n<p>Ai ka th\u00ebn\u00eb se e mir\u00ebpret faktin q\u00eb Sekretari i NATO-s nuk po iu bashkohet shum\u00eb politikan\u00ebve t\u00eb SHBA-s\u00eb dhe BE-s\u00eb t\u00eb cil\u00ebt kan\u00eb refuzuar t\u00eb ken\u00eb shk\u00ebmbime diplomatike s\u00eb fundi.<\/p>\n<p>Butikofer ka shkruar se politika e SHBA-s\u00eb dhe BE-s\u00eb ndaj Kosov\u00ebs dhe Serbis\u00eb \u00ebsht\u00eb e nj\u00ebanshme n\u00eb favor t\u00eb Beogradit zyrtar, dhe sipas tij jan\u00eb vendosur standarde t\u00eb dyfishte duke injoruar n\u00eb mas\u00eb t\u00eb madhe se Kosova ka kaluar n\u00ebp\u00ebr dhimbje t\u00eb m\u00ebdha p\u00ebr t\u2019i b\u00ebr\u00eb vlerat evropiane nj\u00eb mat\u00ebs p\u00ebr politik\u00ebn e tyre.<\/p>\n<p>Politikani gjerman ka th\u00ebn\u00eb se situata n\u00eb rajon mund t\u00eb destabilizohet edhe m\u00eb shum\u00eb si rezultat i qasjes s\u00eb gabuar t\u00eb SHBA-s\u00eb dhe BE-s\u00eb. Ai i ka b\u00ebr\u00eb thirrje P\u00ebrfaq\u00ebsuesit t\u00eb Lart\u00eb t\u00eb BE-s\u00eb, Josep Borell, q\u00eb \u201ct\u00eb l\u00eb prapa paragjykimet spanjolle anti-kosovare\u201d dhe t\u00eb m\u00ebsoj\u00eb nga Stolteenberg, p\u00ebr t\u00eb rifilluar menj\u00ebher\u00eb dialogun me Kosov\u00ebn.<\/p>\n<p>Butikofer e pranon q\u00eb edhe Qeveria e Kosov\u00ebs ka b\u00ebr\u00eb gabime, por thot\u00eb se \u00ebsht\u00eb e papranuesh\u00ebm dhe joevropiane q\u00eb Kosova t\u00eb sanksionohet r\u00ebnd\u00eb, n\u00eb nd\u00ebrkoh\u00eb q\u00eb tolerohen me durim t\u00eb pafund t\u00eb gjitha veprimet e Vu\u00e7iqit, p\u00ebrfshir\u00eb edhe mobilizimin q\u00eb ai ua b\u00ebn bandave t\u00eb dhunshme.<\/p>\n<p>\u201cSituata n\u00eb Ballkanin Per\u00ebndimor destabilizohet m\u00eb tej p\u00ebrmes pozicionimit t\u00eb gabuar t\u00eb BE-s\u00eb dhe SHBA-s\u00eb. HRVP Josep #Borrell m\u00eb n\u00eb fund duhet t\u00eb l\u00ebr\u00eb prapa paragjykimet anti-kosovare t\u00eb atdheut t\u00eb tij spanjoll, t\u00eb m\u00ebsoj\u00eb nga Sekretari i P\u00ebrgjithsh\u00ebm Stoltenberg dhe t\u00eb rifilloj\u00eb menj\u00ebher\u00eb dialogun e nevojsh\u00ebm me Kosov\u00ebn. Pa dyshim, gabime ka b\u00ebr\u00eb edhe qeveria e Kosov\u00ebs. Por \u00ebsht\u00eb thjesht e papranueshme dhe madje joevropiane ta sanksionosh at\u00eb r\u00ebnd\u00eb, nd\u00ebrkoh\u00eb q\u00eb t\u00eb gjitha veprimet e presidentit serb #Vu\u00e7i\u00e7 kund\u00ebr angazhimeve t\u00eb tij, duke p\u00ebrfshir\u00eb mobilizimin e tij t\u00eb bandave t\u00eb dhunshme t\u00eb bandit\u00ebve, tolerohen me durim t\u00eb pafund\u201d, ka shkruar Butikofer.<\/p>\n<div class=\"twitter-tweet twitter-tweet-rendered\"><iframe id=\"twitter-widget-0\" class=\"\" title=\"Twitter Tweet\" src=\"https:\/\/platform.twitter.com\/embed\/Tweet.html?creatorScreenName=kosovarja_ks&amp;dnt=true&amp;embedId=twitter-widget-0&amp;features=eyJ0ZndfdGltZWxpbmVfbGlzdCI6eyJidWNrZXQiOltdLCJ2ZXJzaW9uIjpudWxsfSwidGZ3X2ZvbGxvd2VyX2NvdW50X3N1bnNldCI6eyJidWNrZXQiOnRydWUsInZlcnNpb24iOm51bGx9LCJ0ZndfdHdlZXRfZWRpdF9iYWNrZW5kIjp7ImJ1Y2tldCI6Im9uIiwidmVyc2lvbiI6bnVsbH0sInRmd19yZWZzcmNfc2Vzc2lvbiI6eyJidWNrZXQiOiJvbiIsInZlcnNpb24iOm51bGx9LCJ0ZndfZm9zbnJfc29mdF9pbnRlcnZlbnRpb25zX2VuYWJsZWQiOnsiYnVja2V0Ijoib24iLCJ2ZXJzaW9uIjpudWxsfSwidGZ3X21peGVkX21lZGlhXzE1ODk3Ijp7ImJ1Y2tldCI6InRyZWF0bWVudCIsInZlcnNpb24iOm51bGx9LCJ0ZndfZXhwZXJpbWVudHNfY29va2llX2V4cGlyYXRpb24iOnsiYnVja2V0IjoxMjA5NjAwLCJ2ZXJzaW9uIjpudWxsfSwidGZ3X3Nob3dfYmlyZHdhdGNoX3Bpdm90c19lbmFibGVkIjp7ImJ1Y2tldCI6Im9uIiwidmVyc2lvbiI6bnVsbH0sInRmd19kdXBsaWNhdGVfc2NyaWJlc190b19zZXR0aW5ncyI6eyJidWNrZXQiOiJvbiIsInZlcnNpb24iOm51bGx9LCJ0ZndfdXNlX3Byb2ZpbGVfaW1hZ2Vfc2hhcGVfZW5hYmxlZCI6eyJidWNrZXQiOiJvbiIsInZlcnNpb24iOm51bGx9LCJ0ZndfdmlkZW9faGxzX2R5bmFtaWNfbWFuaWZlc3RzXzE1MDgyIjp7ImJ1Y2tldCI6InRydWVfYml0cmF0ZSIsInZlcnNpb24iOm51bGx9LCJ0ZndfbGVnYWN5X3RpbWVsaW5lX3N1bnNldCI6eyJidWNrZXQiOnRydWUsInZlcnNpb24iOm51bGx9LCJ0ZndfdHdlZXRfZWRpdF9mcm9udGVuZCI6eyJidWNrZXQiOiJvbiIsInZlcnNpb24iOm51bGx9fQ%3D%3D&amp;frame=false&amp;hideCard=false&amp;hideThread=false&amp;id=1699686992160735616&amp;lang=en&amp;origin=https%3A%2F%2Fwww.kosovarja-ks.com%2Freihnard-butikofer-po-beni-politike-te-njeanshme-ne-favor-te-serbise%2F&amp;sessionId=5b18d47de1202c9e33a4f05045861496ae5ecf83&amp;siteScreenName=kosovarja_ks&amp;theme=light&amp;widgetsVersion=aaf4084522e3a%3A1674595607486&amp;width=500px\" frameborder=\"0\" scrolling=\"no\" allowfullscreen=\"allowfullscreen\" data-tweet-id=\"1699686992160735616\" data-mce-fragment=\"1\"><\/iframe><\/div>\n<blockquote class=\"twitter-tweet\" data-width=\"500\" data-dnt=\"true\" data-twitter-extracted-i1694084255263997836=\"true\">\n<p dir=\"ltr\" lang=\"en\">I welcome very much that NATO Secretary General\u00a0<a href=\"https:\/\/twitter.com\/hashtag\/Stoltenberg?src=hash&amp;ref_src=twsrc%5Etfw\">#Stoltenberg<\/a>\u00a0is not joining the many US and EU politicians that have been refusing to have diplomatic exchanges with\u00a0<a href=\"https:\/\/twitter.com\/hashtag\/Kosovo?src=hash&amp;ref_src=twsrc%5Etfw\">#Kosovo<\/a>\u00a0recently, effectively ostracizing the country. 1\/5<a href=\"https:\/\/t.co\/3PxwOGTJq2\">https:\/\/t.co\/3PxwOGTJq2<\/a><\/p>\n<p>\u2014 Reinhard B\u00fctikofer (@bueti)\u00a0<a href=\"https:\/\/twitter.com\/bueti\/status\/1699686992160735616?ref_src=twsrc%5Etfw\">September 7, 2023<\/a><\/p><\/blockquote>\n","protected":false},"excerpt":{"rendered":"<p>Politikani gjerman dhe deputeti i Parlamentit Evropian, Reihnard Butikofer, ka reaguar pas takimit q\u00eb Sekretari Gjeneral i NATO-s, Jens Stoltenberg, ka pasur me presidenten e<\/p>\n","protected":false},"author":14,"featured_media":15944,"comment_status":"open","ping_status":"open","sticky":false,"template":"","format":"standard","meta":{"footnotes":""},"categories":[45],"tags":[],"class_list":["post-15943","post","type-post","status-publish","format-standard","has-post-thumbnail","hentry","category-rajoni"],"_links":{"self":[{"href":"https:\/\/indeks.bilten.mk\/index.php?rest_route=\/wp\/v2\/posts\/15943","targetHints":{"allow":["GET"]}}],"collection":[{"href":"https:\/\/indeks.bilten.mk\/index.php?rest_route=\/wp\/v2\/posts"}],"about":[{"href":"https:\/\/indeks.bilten.mk\/index.php?rest_route=\/wp\/v2\/types\/post"}],"author":[{"embeddable":true,"href":"https:\/\/indeks.bilten.mk\/index.php?rest_route=\/wp\/v2\/users\/14"}],"replies":[{"embeddable":true,"href":"https:\/\/indeks.bilten.mk\/index.php?rest_route=%2Fwp%2Fv2%2Fcomments&post=15943"}],"version-history":[{"count":0,"href":"https:\/\/indeks.bilten.mk\/index.php?rest_route=\/wp\/v2\/posts\/15943\/revisions"}],"wp:featuredmedia":[{"embeddable":true,"href":"https:\/\/indeks.bilten.mk\/index.php?rest_route=\/wp\/v2\/media\/15944"}],"wp:attachment":[{"href":"https:\/\/indeks.bilten.mk\/index.php?rest_route=%2Fwp%2Fv2%2Fmedia&parent=15943"}],"wp:term":[{"taxonomy":"category","embeddable":true,"href":"https:\/\/indeks.bilten.mk\/index.php?rest_route=%2Fwp%2Fv2%2Fcategories&post=15943"},{"taxonomy":"post_tag","embeddable":true,"href":"https:\/\/indeks.bilten.mk\/index.php?rest_route=%2Fwp%2Fv2%2Ftags&post=15943"}],"curies":[{"name":"wp","href":"https:\/\/api.w.org\/{rel}","templated":true}]}}