{"id":15946,"date":"2023-09-07T13:15:56","date_gmt":"2023-09-07T11:15:56","guid":{"rendered":"https:\/\/indeks.mk\/?p=15946"},"modified":"2023-09-07T13:15:56","modified_gmt":"2023-09-07T11:15:56","slug":"skandal-ne-bosnje-dhe-hercegovine-sherbimi-sekret-pergjonte-politikane-e-gazetare-pa-urdher-gjykate","status":"publish","type":"post","link":"https:\/\/indeks.bilten.mk\/?p=15946","title":{"rendered":"Skandal n\u00eb Bosnje dhe Hercegovin\u00eb! Sh\u00ebrbimi Sekret p\u00ebrgjonte politikan\u00eb e gazetar\u00eb pa urdh\u00ebr gjykate"},"content":{"rendered":"<p>Kreu i diplomacis\u00eb s\u00eb Bosnje dhe Hercegovin\u00ebs, Elmedin Konakoviq, ka deklaruar n\u00eb nj\u00eb intervist\u00eb dh\u00ebn\u00eb mbr\u00ebm\u00eb se Sh\u00ebrbimi Sekret i k\u00ebtij vendi i njohur si OSA ka p\u00ebrgjuar ilegalisht qindra persona, p\u00ebrfshir\u00eb politikan\u00eb e gazetar\u00eb, duke akuzuar r\u00ebn\u00eb menaxhmentin dhe partin\u00eb demokratike t\u00eb Bosnj\u00ebs p\u00ebr k\u00ebto\u00a0 veprime.<\/p>\n<p>Konakoviq q\u00eb \u00ebsht\u00eb n\u00eb kryer t\u00eb partis\u00eb n\u00eb pushtet \u201cPopulli dhe Drejt\u00ebsia\u201d, ka th\u00ebn\u00eb se keqp\u00ebrdorime n\u00eb OSA jan\u00eb zbuluar pasi q\u00eb qeveria e re ka marr\u00eb postet dhe Osman Mehmedagiqin e shkarkoi nga posti i drejtorit t\u00eb OSA-s, pasi konsiderohet i af\u00ebrt me Partin\u00eb e Veprimit Demokratik, transmeton Telegrafi.<\/p>\n<p>\u201cM\u00eb e r\u00ebnd\u00ebsishme ka qen\u00eb shkarkimi i kreut t\u00eb OSA-s. Ai ka qen\u00eb koka, mbrojt\u00ebsi i t\u00eb gjitha proceseve\u201d, theksoi Konakoviq.<\/p>\n<p>Madje pretendon se ekzistojn\u00eb \u201cqindra raste t\u00eb p\u00ebrgjimeve t\u00eb personave nga politikan\u00eb deri n\u00eb gazetar\u00eb \u2013 oponent\u00eb t\u00eb regjimit q\u00eb jan\u00eb p\u00ebrgjuar pa urdh\u00ebr t\u00eb gjykat\u00ebs.<\/p>\n<p>\u201cE di se kan\u00eb p\u00ebrdorur kartela t\u00eb dyfishta, se kan\u00eb mundur t\u00eb falsifikonin kartel\u00ebn tuaj, timen dhe t\u00eb merrnin telefonat ton\u00eb dhe mesazhet\u201d, shtoi Konakoviq, duke pranuar se t\u00eb gjitha rastet e abuzimit i jan\u00eb dor\u00ebzuar Prokuroris\u00eb n\u00eb BeH.<\/p>\n<p>Ish-drejtori i OSA-s\u00eb, Osman Mehmadagiq Osmica, u fut n\u00eb list\u00ebn e zez\u00eb t\u00eb zyrtar\u00ebve t\u00eb sanksionuar nga autoritetet amerikane menj\u00ebher\u00eb pas shkarkimit t\u00eb tij n\u00eb fillim t\u00eb k\u00ebtij viti.<\/p>\n<p>Ata e akuzuan se ka keqp\u00ebrdorur pun\u00ebn e k\u00ebsaj agjencie t\u00eb sigurimit n\u00eb favor t\u00eb SDA-s\u00eb. E Konakoviq \u00ebsht\u00eb i bindur se Osmica ka punuar n\u00eb interes t\u00eb kreut t\u00eb SDA-s\u00eb.<\/p>\n","protected":false},"excerpt":{"rendered":"<p>Kreu i diplomacis\u00eb s\u00eb Bosnje dhe Hercegovin\u00ebs, Elmedin Konakoviq, ka deklaruar n\u00eb nj\u00eb intervist\u00eb dh\u00ebn\u00eb mbr\u00ebm\u00eb se Sh\u00ebrbimi Sekret i k\u00ebtij vendi i njohur si<\/p>\n","protected":false},"author":14,"featured_media":15947,"comment_status":"open","ping_status":"open","sticky":false,"template":"","format":"standard","meta":{"footnotes":""},"categories":[45],"tags":[],"class_list":["post-15946","post","type-post","status-publish","format-standard","has-post-thumbnail","hentry","category-rajoni"],"_links":{"self":[{"href":"https:\/\/indeks.bilten.mk\/index.php?rest_route=\/wp\/v2\/posts\/15946","targetHints":{"allow":["GET"]}}],"collection":[{"href":"https:\/\/indeks.bilten.mk\/index.php?rest_route=\/wp\/v2\/posts"}],"about":[{"href":"https:\/\/indeks.bilten.mk\/index.php?rest_route=\/wp\/v2\/types\/post"}],"author":[{"embeddable":true,"href":"https:\/\/indeks.bilten.mk\/index.php?rest_route=\/wp\/v2\/users\/14"}],"replies":[{"embeddable":true,"href":"https:\/\/indeks.bilten.mk\/index.php?rest_route=%2Fwp%2Fv2%2Fcomments&post=15946"}],"version-history":[{"count":0,"href":"https:\/\/indeks.bilten.mk\/index.php?rest_route=\/wp\/v2\/posts\/15946\/revisions"}],"wp:featuredmedia":[{"embeddable":true,"href":"https:\/\/indeks.bilten.mk\/index.php?rest_route=\/wp\/v2\/media\/15947"}],"wp:attachment":[{"href":"https:\/\/indeks.bilten.mk\/index.php?rest_route=%2Fwp%2Fv2%2Fmedia&parent=15946"}],"wp:term":[{"taxonomy":"category","embeddable":true,"href":"https:\/\/indeks.bilten.mk\/index.php?rest_route=%2Fwp%2Fv2%2Fcategories&post=15946"},{"taxonomy":"post_tag","embeddable":true,"href":"https:\/\/indeks.bilten.mk\/index.php?rest_route=%2Fwp%2Fv2%2Ftags&post=15946"}],"curies":[{"name":"wp","href":"https:\/\/api.w.org\/{rel}","templated":true}]}}