{"id":15951,"date":"2023-09-07T13:24:13","date_gmt":"2023-09-07T11:24:13","guid":{"rendered":"https:\/\/indeks.mk\/?p=15951"},"modified":"2024-02-01T13:30:51","modified_gmt":"2024-02-01T12:30:51","slug":"e-gjithe-liga-eshte-e-manipuluar-dhe-tani-kane-ardhur-provat-federata-ka-pezulluar-zyrtarisht-kampionatin","status":"publish","type":"post","link":"https:\/\/indeks.bilten.mk\/?p=15951","title":{"rendered":"E gjith\u00eb liga \u00ebsht\u00eb e manipuluar dhe tani kan\u00eb ardhur provat: Federata ka pezulluar zyrtarisht kampionatin"},"content":{"rendered":"<p><strong>Federata Boliviane e Futbollit (FBF) ka pezulluar dy nivelet kryesore t\u00eb futbollit t\u00eb vendit dhe kjo vjen si pasoj\u00eb e hetimeve t\u00eb vazhdueshme p\u00ebr trukime ndeshjesh.<\/strong><\/p>\n<p>Hetuesit n\u00eb k\u00ebt\u00eb rast pretendojn\u00eb se i gjith\u00eb sistemi n\u00eb k\u00ebt\u00eb lig\u00eb bazohet n\u00eb manipulimin e rezultateve dhe objekt hetimi i tyre kan\u00eb qen\u00eb drejtues klubesh, lojtar\u00eb dhe nj\u00eb pjes\u00eb e madhe e organizimit t\u00eb gjyqtar\u00ebve.<\/p>\n<p>Gjith\u00e7ka erdhi si pasoj\u00eb e rrjedhjes s\u00eb p\u00ebrmbajtjeve eksplicite q\u00eb ishin rezultat i p\u00ebrgjimeve dhe nj\u00eb procesi intensiv ku mblidheshin informacione dhe vendimi p\u00ebr p\u00ebrfundimin e kampionatit u mor me 14 vota \u201cpro\u201d dhe nj\u00eb kund\u00ebr.<\/p>\n<div class=\"twitter-tweet twitter-tweet-rendered\"><iframe id=\"twitter-widget-0\" class=\"\" title=\"Twitter Tweet\" src=\"https:\/\/platform.twitter.com\/embed\/Tweet.html?creatorScreenName=Telegrafisti&amp;dnt=true&amp;embedId=twitter-widget-0&amp;features=eyJ0ZndfdGltZWxpbmVfbGlzdCI6eyJidWNrZXQiOltdLCJ2ZXJzaW9uIjpudWxsfSwidGZ3X2ZvbGxvd2VyX2NvdW50X3N1bnNldCI6eyJidWNrZXQiOnRydWUsInZlcnNpb24iOm51bGx9LCJ0ZndfdHdlZXRfZWRpdF9iYWNrZW5kIjp7ImJ1Y2tldCI6Im9uIiwidmVyc2lvbiI6bnVsbH0sInRmd19yZWZzcmNfc2Vzc2lvbiI6eyJidWNrZXQiOiJvbiIsInZlcnNpb24iOm51bGx9LCJ0ZndfZm9zbnJfc29mdF9pbnRlcnZlbnRpb25zX2VuYWJsZWQiOnsiYnVja2V0Ijoib24iLCJ2ZXJzaW9uIjpudWxsfSwidGZ3X21peGVkX21lZGlhXzE1ODk3Ijp7ImJ1Y2tldCI6InRyZWF0bWVudCIsInZlcnNpb24iOm51bGx9LCJ0ZndfZXhwZXJpbWVudHNfY29va2llX2V4cGlyYXRpb24iOnsiYnVja2V0IjoxMjA5NjAwLCJ2ZXJzaW9uIjpudWxsfSwidGZ3X3Nob3dfYmlyZHdhdGNoX3Bpdm90c19lbmFibGVkIjp7ImJ1Y2tldCI6Im9uIiwidmVyc2lvbiI6bnVsbH0sInRmd19kdXBsaWNhdGVfc2NyaWJlc190b19zZXR0aW5ncyI6eyJidWNrZXQiOiJvbiIsInZlcnNpb24iOm51bGx9LCJ0ZndfdXNlX3Byb2ZpbGVfaW1hZ2Vfc2hhcGVfZW5hYmxlZCI6eyJidWNrZXQiOiJvbiIsInZlcnNpb24iOm51bGx9LCJ0ZndfdmlkZW9faGxzX2R5bmFtaWNfbWFuaWZlc3RzXzE1MDgyIjp7ImJ1Y2tldCI6InRydWVfYml0cmF0ZSIsInZlcnNpb24iOm51bGx9LCJ0ZndfbGVnYWN5X3RpbWVsaW5lX3N1bnNldCI6eyJidWNrZXQiOnRydWUsInZlcnNpb24iOm51bGx9LCJ0ZndfdHdlZXRfZWRpdF9mcm9udGVuZCI6eyJidWNrZXQiOiJvbiIsInZlcnNpb24iOm51bGx9fQ%3D%3D&amp;frame=false&amp;hideCard=false&amp;hideThread=false&amp;id=1699331731872960665&amp;lang=en&amp;origin=https%3A%2F%2Ftelegrafi.com%2Fe-gjithe-liga-eshte-e-manipuluar-dhe-tani-kane-ardhur-provat-federata-ka-pezulluar-zyrtarisht-kampionatin%2F&amp;sessionId=bc0a86a8df52733f34e69d660aa0004f15b74b7d&amp;siteScreenName=Telegrafisti&amp;theme=light&amp;widgetsVersion=aaf4084522e3a%3A1674595607486&amp;width=500px\" frameborder=\"0\" scrolling=\"no\" allowfullscreen=\"allowfullscreen\" data-mce-fragment=\"1\"><\/iframe><\/div>\n<blockquote class=\"twitter-tweet\" data-width=\"500\" data-dnt=\"true\" data-twitter-extracted-i1694085708671521956=\"true\">\n<p dir=\"ltr\" lang=\"en\">Bolivia\u2019s top two league\u2019s have been CANCELLED due to alleged match-fixing. \ud83c\udde7\ud83c\uddf4<\/p>\n<p>Players, officials and referees were apparently all involved in order to rig certain matches.<\/p>\n<div class=\"ai-viewport-1\" data-insertion-position=\"prepend\" data-selector=\".ai-insert-1-92339608\" data-insertion-no-dbg=\"\" data-code=\"PGRpdiBjbGFzcz0nY29kZS1ibG9jayBjb2RlLWJsb2NrLTEgY29kZS1ibG9jay1pbmFydGljbGUtZGVza3RvcCcgc3R5bGU9J21hcmdpbjogOHB4IGF1dG87IHRleHQtYWxpZ246IGNlbnRlcjsgZGlzcGxheTogYmxvY2s7IGNsZWFyOiBib3RoOyB3aWR0aDogMzAwcHg7IGhlaWdodDogNDIwcHg7IGJhY2tncm91bmQtY29sb3I6ICNmZmZmZmY7Jz4KPGRpdiBzdHlsZT0icG9zaXRpb246IHN0aWNreTsgdG9wOiAxNXB4OyI+CjxkaXYgY2xhc3M9ImNvZGUtYmxvY2stbGFiZWwiPlJla2xhbWE8L2Rpdj4KPGRpdiBkYXRhLWFkLXVuaXQtaWQ9Ii8yMjY0NjY1NzExOC9Jbi1hcnRpY2xlX2JveF8yIj48L2Rpdj4KPC9kaXY+CjxkaXYgc3R5bGU9IiBoZWlnaHQ6IDM5MHB4OyI+PC9kaXY+CjwvZGl2Pgo=\" data-block=\"1\">\n<div class=\"code-block code-block-1 code-block-inarticle-desktop\">\n<div>\n<div class=\"code-block-label\">Reklama<\/div>\n<div id=\"ad-id-\/22646657118\/in-article_box_2-38860618018299165\" data-ad-unit-id=\"\/22646657118\/In-article_box_2\" data-google-query-id=\"CNGUsIyxmIEDFYzkuwgdVJINAA\">\n<div id=\"google_ads_iframe_\/22646657118\/in-article_box_2_0__container__\"><iframe loading=\"lazy\" id=\"google_ads_iframe_\/22646657118\/in-article_box_2_0\" tabindex=\"0\" title=\"3rd party ad content\" role=\"region\" src=\"https:\/\/8709c2279a63c6d5251dc7897ddf75ad.safeframe.googlesyndication.com\/safeframe\/1-0-40\/html\/container.html\" name=\"\" width=\"1\" height=\"1\" frameborder=\"0\" marginwidth=\"0\" marginheight=\"0\" scrolling=\"no\" sandbox=\"allow-forms allow-popups allow-popups-to-escape-sandbox allow-same-origin allow-scripts allow-top-navigation-by-user-activation\" data-is-safeframe=\"true\" aria-label=\"Advertisement\" data-google-container-id=\"4\" data-load-complete=\"true\" data-mce-fragment=\"1\"><\/iframe><\/div>\n<\/div>\n<\/div>\n<div><\/div>\n<\/div>\n<\/div>\n<p>A shorter tournament will return, which will finish at the end of the year in order to work out\u2026\u00a0<a href=\"https:\/\/t.co\/VLdhmf2W5b\">pic.twitter.com\/VLdhmf2W5b<\/a><\/p>\n<p>\u2014 Nathan Joyes (@NathanJoyes1)\u00a0<a href=\"https:\/\/twitter.com\/NathanJoyes1\/status\/1699331731872960665?ref_src=twsrc%5Etfw\">September 6, 2023<\/a><\/p><\/blockquote>\n<p>Mediat vendase shkruajn\u00eb se vendimi ka hyr\u00eb n\u00eb fuqi shtat\u00eb dit\u00eb pas akuzave t\u00eb para nga komisioni disiplinor, i cili publikoi nj\u00eb duzin\u00eb audio-regjistrimesh inkriminuese, ku flitet p\u00ebr nj\u00eb \u201crrjet kriminal\u201d t\u00eb plot\u00eb q\u00eb p\u00ebrfshin drejtuesit e m\u00eb shum\u00eb se gjysm\u00ebs s\u00eb kategoris\u00eb s\u00eb par\u00eb dhe t\u00eb dyt\u00eb, lojtar\u00ebt dhe gjyqtar\u00ebt.<\/p>\n<p>N\u00eb fund, Federata e Futbollit t\u00eb Bolivis\u00eb i d\u00ebrgoi nj\u00eb k\u00ebrkes\u00eb zyrtare organit m\u00eb t\u00eb lart\u00eb t\u00eb futbollit t\u00eb Amerik\u00ebs s\u00eb Jugut (CONMEBOL) p\u00ebr t\u2019i lejuar ata t\u00eb organizojn\u00eb nj\u00eb kampionat t\u00eb ri n\u00eb nj\u00eb format t\u00eb ngusht\u00eb, i cili duhet t\u00eb mbahet n\u00eb vjesht\u00eb dhe dim\u00ebr.\u00a0<strong><em>\/Telegrafi\/<\/em><\/strong><\/p>\n","protected":false},"excerpt":{"rendered":"<p>Federata Boliviane e Futbollit (FBF) ka pezulluar dy nivelet kryesore t\u00eb futbollit t\u00eb vendit dhe kjo vjen si pasoj\u00eb e hetimeve t\u00eb vazhdueshme p\u00ebr trukime<\/p>\n","protected":false},"author":14,"featured_media":15952,"comment_status":"closed","ping_status":"closed","sticky":false,"template":"","format":"standard","meta":{"footnotes":""},"categories":[48],"tags":[],"class_list":["post-15951","post","type-post","status-publish","format-standard","has-post-thumbnail","hentry","category-sport"],"_links":{"self":[{"href":"https:\/\/indeks.bilten.mk\/index.php?rest_route=\/wp\/v2\/posts\/15951","targetHints":{"allow":["GET"]}}],"collection":[{"href":"https:\/\/indeks.bilten.mk\/index.php?rest_route=\/wp\/v2\/posts"}],"about":[{"href":"https:\/\/indeks.bilten.mk\/index.php?rest_route=\/wp\/v2\/types\/post"}],"author":[{"embeddable":true,"href":"https:\/\/indeks.bilten.mk\/index.php?rest_route=\/wp\/v2\/users\/14"}],"replies":[{"embeddable":true,"href":"https:\/\/indeks.bilten.mk\/index.php?rest_route=%2Fwp%2Fv2%2Fcomments&post=15951"}],"version-history":[{"count":0,"href":"https:\/\/indeks.bilten.mk\/index.php?rest_route=\/wp\/v2\/posts\/15951\/revisions"}],"wp:featuredmedia":[{"embeddable":true,"href":"https:\/\/indeks.bilten.mk\/index.php?rest_route=\/wp\/v2\/media\/15952"}],"wp:attachment":[{"href":"https:\/\/indeks.bilten.mk\/index.php?rest_route=%2Fwp%2Fv2%2Fmedia&parent=15951"}],"wp:term":[{"taxonomy":"category","embeddable":true,"href":"https:\/\/indeks.bilten.mk\/index.php?rest_route=%2Fwp%2Fv2%2Fcategories&post=15951"},{"taxonomy":"post_tag","embeddable":true,"href":"https:\/\/indeks.bilten.mk\/index.php?rest_route=%2Fwp%2Fv2%2Ftags&post=15951"}],"curies":[{"name":"wp","href":"https:\/\/api.w.org\/{rel}","templated":true}]}}