{"id":15954,"date":"2023-09-07T13:29:48","date_gmt":"2023-09-07T11:29:48","guid":{"rendered":"https:\/\/indeks.mk\/?p=15954"},"modified":"2023-09-07T13:29:48","modified_gmt":"2023-09-07T11:29:48","slug":"rinovimi-i-kontrates-se-xavit-me-barcelonen-po-pengohet-nga-nje-detaj","status":"publish","type":"post","link":"https:\/\/indeks.bilten.mk\/?p=15954","title":{"rendered":"Rinovimi i kontrat\u00ebs s\u00eb Xavit me Barcelon\u00ebn po pengohet nga nj\u00eb detaj"},"content":{"rendered":"<p><strong>Barcelona duket e gatshme t\u00eb vazhdoj\u00eb marr\u00ebdh\u00ebnien e saj me menaxherin Xavi Hernandez, me Presidentin Joan Laporta q\u00eb e lavd\u00ebron publikisht, pavar\u00ebsisht dyshimeve t\u00eb tij fillestare p\u00ebr t\u00eb.<\/strong><\/p>\n<p>Laporta u distancua nga Xavi gjat\u00eb sezonit t\u00eb tij zgjedhor, por pasi u zgjodh dhe deri tani nuk ka ngurruar ta mb\u00ebshtes edhe publikisht at\u00eb.<\/p>\n<p>Meqen\u00ebse ai e ka mb\u00ebshtetur Xavin si n\u00eb treg ashtu edhe n\u00eb shtyp, pas triumfit n\u00eb La Liga, Barcelona filloi pun\u00ebn p\u00ebr rinovimin e kontrat\u00ebs p\u00ebr trajnerit dhe stafin e tij.<\/p>\n<div class=\"related-to-article\">\n<div class=\"related-article-i\">\n<div class=\"clearfix\">Raportet e fundit kan\u00eb th\u00ebn\u00eb se gjith\u00e7ka \u00ebsht\u00eb b\u00ebr\u00eb, por <em>Mundo Deportivo<\/em>\u00a0pretendon se ka nj\u00eb detaj q\u00eb i mban \u00e7\u00ebshtjet e pa zyrtarizuara.<\/div>\n<\/div>\n<\/div>\n<p>Supozohej se Xavi do t\u00eb rinovonte deri n\u00eb vitin 2026, duke e \u00e7uar at\u00eb deri n\u00eb fund t\u00eb mandatit t\u00eb Laport\u00ebs si president, por tani ka m\u00eb shum\u00eb gjasa q\u00eb ai t\u00eb zgjas\u00eb marr\u00ebveshjen e tij aktuale me vet\u00ebm nj\u00eb vit deri n\u00eb vitin 2025. Nj\u00eb pjes\u00eb e k\u00ebsaj ka t\u00eb b\u00ebj\u00eb me aspektin financiar, me hyrjen n\u00eb loj\u00eb t\u00eb kufirit t\u00eb pagave t\u00eb tyre.<\/p>\n<div class=\"ai-viewport-1\" data-insertion-position=\"prepend\" data-selector=\".ai-insert-1-51663437\" data-insertion-no-dbg=\"\" data-code=\"PGRpdiBjbGFzcz0nY29kZS1ibG9jayBjb2RlLWJsb2NrLTEgY29kZS1ibG9jay1pbmFydGljbGUtZGVza3RvcCcgc3R5bGU9J21hcmdpbjogOHB4IGF1dG87IHRleHQtYWxpZ246IGNlbnRlcjsgZGlzcGxheTogYmxvY2s7IGNsZWFyOiBib3RoOyB3aWR0aDogMzAwcHg7IGhlaWdodDogNDIwcHg7IGJhY2tncm91bmQtY29sb3I6ICNmZmZmZmY7Jz4KPGRpdiBzdHlsZT0icG9zaXRpb246IHN0aWNreTsgdG9wOiAxNXB4OyI+CjxkaXYgY2xhc3M9ImNvZGUtYmxvY2stbGFiZWwiPlJla2xhbWE8L2Rpdj4KPGRpdiBkYXRhLWFkLXVuaXQtaWQ9Ii8yMjY0NjY1NzExOC9Jbi1hcnRpY2xlX2JveF8yIj48L2Rpdj4KPC9kaXY+CjxkaXYgc3R5bGU9IiBoZWlnaHQ6IDM5MHB4OyI+PC9kaXY+CjwvZGl2Pgo=\" data-block=\"1\">\n<div class=\"code-block code-block-1 code-block-inarticle-desktop\">\n<div>\n<div id=\"ad-id-\/22646657118\/in-article_box_2-9288922714086028\" data-ad-unit-id=\"\/22646657118\/In-article_box_2\" data-google-query-id=\"COfG44CymIEDFTqK_QcdH1IELg\">\n<div id=\"google_ads_iframe_\/22646657118\/in-article_box_2_0__container__\"><\/div>\n<\/div>\n<\/div>\n<\/div>\n<\/div>\n<div class=\"twitter-tweet twitter-tweet-rendered\"><iframe id=\"twitter-widget-0\" class=\"\" title=\"Twitter Tweet\" src=\"https:\/\/platform.twitter.com\/embed\/Tweet.html?creatorScreenName=Telegrafisti&amp;dnt=false&amp;embedId=twitter-widget-0&amp;features=eyJ0ZndfdGltZWxpbmVfbGlzdCI6eyJidWNrZXQiOltdLCJ2ZXJzaW9uIjpudWxsfSwidGZ3X2ZvbGxvd2VyX2NvdW50X3N1bnNldCI6eyJidWNrZXQiOnRydWUsInZlcnNpb24iOm51bGx9LCJ0ZndfdHdlZXRfZWRpdF9iYWNrZW5kIjp7ImJ1Y2tldCI6Im9uIiwidmVyc2lvbiI6bnVsbH0sInRmd19yZWZzcmNfc2Vzc2lvbiI6eyJidWNrZXQiOiJvbiIsInZlcnNpb24iOm51bGx9LCJ0ZndfZm9zbnJfc29mdF9pbnRlcnZlbnRpb25zX2VuYWJsZWQiOnsiYnVja2V0Ijoib24iLCJ2ZXJzaW9uIjpudWxsfSwidGZ3X21peGVkX21lZGlhXzE1ODk3Ijp7ImJ1Y2tldCI6InRyZWF0bWVudCIsInZlcnNpb24iOm51bGx9LCJ0ZndfZXhwZXJpbWVudHNfY29va2llX2V4cGlyYXRpb24iOnsiYnVja2V0IjoxMjA5NjAwLCJ2ZXJzaW9uIjpudWxsfSwidGZ3X3Nob3dfYmlyZHdhdGNoX3Bpdm90c19lbmFibGVkIjp7ImJ1Y2tldCI6Im9uIiwidmVyc2lvbiI6bnVsbH0sInRmd19kdXBsaWNhdGVfc2NyaWJlc190b19zZXR0aW5ncyI6eyJidWNrZXQiOiJvbiIsInZlcnNpb24iOm51bGx9LCJ0ZndfdXNlX3Byb2ZpbGVfaW1hZ2Vfc2hhcGVfZW5hYmxlZCI6eyJidWNrZXQiOiJvbiIsInZlcnNpb24iOm51bGx9LCJ0ZndfdmlkZW9faGxzX2R5bmFtaWNfbWFuaWZlc3RzXzE1MDgyIjp7ImJ1Y2tldCI6InRydWVfYml0cmF0ZSIsInZlcnNpb24iOm51bGx9LCJ0ZndfbGVnYWN5X3RpbWVsaW5lX3N1bnNldCI6eyJidWNrZXQiOnRydWUsInZlcnNpb24iOm51bGx9LCJ0ZndfdHdlZXRfZWRpdF9mcm9udGVuZCI6eyJidWNrZXQiOiJvbiIsInZlcnNpb24iOm51bGx9fQ%3D%3D&amp;frame=false&amp;hideCard=false&amp;hideThread=false&amp;id=1699681759871299852&amp;lang=en&amp;origin=https%3A%2F%2Ftelegrafi.com%2Frinovimi-kontrates-se-xavit-barcelonen-po-pengohet-nga-nje-detaj%2F&amp;sessionId=703283e281a33f652d77952a2d066c820cb85828&amp;siteScreenName=Telegrafisti&amp;theme=light&amp;widgetsVersion=aaf4084522e3a%3A1674595607486&amp;width=550px\" frameborder=\"0\" scrolling=\"no\" allowfullscreen=\"allowfullscreen\" data-tweet-id=\"1699681759871299852\" data-mce-fragment=\"1\"><\/iframe><\/div>\n<blockquote class=\"twitter-tweet\" data-twitter-extracted-i1694085952353617436=\"true\">\n<p dir=\"ltr\" lang=\"en\">\ud83d\udea8 Xavi\u2019s renewal is agreed and although everything looked like he would return until 2026, the option of renewing until 2025 is not ruled out as it could help with FFP.\u00a0<a href=\"https:\/\/twitter.com\/ffpolo?ref_src=twsrc%5Etfw\">@ffpolo<\/a>,\u00a0<a href=\"https:\/\/twitter.com\/martinezferran?ref_src=twsrc%5Etfw\">@martinezferran<\/a>\u00a0<a href=\"https:\/\/t.co\/1xGpCcU6He\">pic.twitter.com\/1xGpCcU6He<\/a><\/p>\n<p>\u2014 barcacentre (@barcacentre)\u00a0<a href=\"https:\/\/twitter.com\/barcacentre\/status\/1699681759871299852?ref_src=twsrc%5Etfw\">September 7, 2023<\/a><\/p><\/blockquote>\n<p>Blaugran\u00ebt kan\u00eb qen\u00eb n\u00eb v\u00ebshtir\u00ebsi kund\u00ebr kufirit t\u00eb pagave t\u00eb tyre p\u00ebr disa koh\u00eb, por nj\u00eb kontrat\u00eb m\u00eb e gjat\u00eb do t\u00eb n\u00ebnkuptonte nj\u00eb goditje m\u00eb t\u00eb madhe ekonomike p\u00ebr Barcelon\u00ebn, k\u00ebshtu q\u00eb ata mund t\u00eb vendosin t\u00eb shkurtojn\u00eb koh\u00ebzgjatjen.<\/p>\n<p>Pavar\u00ebsisht arsyes, kjo do t\u00eb dob\u00ebsoj\u00eb pozicionin e Xavit si menaxher \u2013 financat p\u00ebr shkarkimin e tij do t\u00eb ishin shum\u00eb m\u00eb t\u00eb p\u00ebrballueshme n\u00ebse marr\u00ebveshja \u00ebsht\u00eb deri n\u00eb vitin 2025.\u00a0<strong><em>\/Telegrafi\/<\/em><\/strong><\/p>\n<div class=\"code-block code-block-46 code-block-instream-fundposti\"><\/div>\n","protected":false},"excerpt":{"rendered":"<p>Barcelona duket e gatshme t\u00eb vazhdoj\u00eb marr\u00ebdh\u00ebnien e saj me menaxherin Xavi Hernandez, me Presidentin Joan Laporta q\u00eb e lavd\u00ebron publikisht, pavar\u00ebsisht dyshimeve t\u00eb tij<\/p>\n","protected":false},"author":14,"featured_media":15955,"comment_status":"open","ping_status":"open","sticky":false,"template":"","format":"standard","meta":{"footnotes":""},"categories":[48],"tags":[],"class_list":["post-15954","post","type-post","status-publish","format-standard","has-post-thumbnail","hentry","category-sport"],"_links":{"self":[{"href":"https:\/\/indeks.bilten.mk\/index.php?rest_route=\/wp\/v2\/posts\/15954","targetHints":{"allow":["GET"]}}],"collection":[{"href":"https:\/\/indeks.bilten.mk\/index.php?rest_route=\/wp\/v2\/posts"}],"about":[{"href":"https:\/\/indeks.bilten.mk\/index.php?rest_route=\/wp\/v2\/types\/post"}],"author":[{"embeddable":true,"href":"https:\/\/indeks.bilten.mk\/index.php?rest_route=\/wp\/v2\/users\/14"}],"replies":[{"embeddable":true,"href":"https:\/\/indeks.bilten.mk\/index.php?rest_route=%2Fwp%2Fv2%2Fcomments&post=15954"}],"version-history":[{"count":0,"href":"https:\/\/indeks.bilten.mk\/index.php?rest_route=\/wp\/v2\/posts\/15954\/revisions"}],"wp:featuredmedia":[{"embeddable":true,"href":"https:\/\/indeks.bilten.mk\/index.php?rest_route=\/wp\/v2\/media\/15955"}],"wp:attachment":[{"href":"https:\/\/indeks.bilten.mk\/index.php?rest_route=%2Fwp%2Fv2%2Fmedia&parent=15954"}],"wp:term":[{"taxonomy":"category","embeddable":true,"href":"https:\/\/indeks.bilten.mk\/index.php?rest_route=%2Fwp%2Fv2%2Fcategories&post=15954"},{"taxonomy":"post_tag","embeddable":true,"href":"https:\/\/indeks.bilten.mk\/index.php?rest_route=%2Fwp%2Fv2%2Ftags&post=15954"}],"curies":[{"name":"wp","href":"https:\/\/api.w.org\/{rel}","templated":true}]}}