{"id":15961,"date":"2023-09-07T13:36:56","date_gmt":"2023-09-07T11:36:56","guid":{"rendered":"https:\/\/indeks.mk\/?p=15961"},"modified":"2023-09-07T13:36:56","modified_gmt":"2023-09-07T11:36:56","slug":"meta-do-te-heqe-funksionin-facebook-news-ne-mbreterine-e-bashkuar-france-dhe-gjermani","status":"publish","type":"post","link":"https:\/\/indeks.bilten.mk\/?p=15961","title":{"rendered":"Meta do t\u00eb heq\u00eb funksionin \u201cFacebook News\u201d n\u00eb Mbret\u00ebrin\u00eb e Bashkuar, Franc\u00eb dhe Gjermani"},"content":{"rendered":"<p>Meta Platforms tha t\u00eb mart\u00ebn se do t\u00eb nd\u00ebrpres\u00eb funksionin \u201cFacebook News\u201d n\u00eb aplikacionin e Facebookut n\u00eb Mbret\u00ebrin\u00eb e Bashkuar, Franc\u00eb dhe Gjermani, m\u00eb von\u00eb k\u00ebt\u00eb vit.<\/p>\n<p>Sidoqoft\u00eb, p\u00ebrdoruesve do t\u2019u shfaqen linqet e artikujve t\u00eb lajmeve dhe mediet evropiane do t\u00eb ken\u00eb qasje n\u00eb llogarit\u00eb dhe faqet e tyre n\u00eb Facebook pasi ndryshimi t\u00eb zbatohet n\u00eb dhjetor, tha Meta, transmeton Telegrafi.<\/p>\n<p>Por, Facebook nuk do t\u00eb krijoj\u00eb marr\u00ebveshje t\u00eb reja komerciale p\u00ebr p\u00ebrmbajtjen e lajmeve n\u00eb \u201cFacebook News\u201d, as nuk do t\u00eb ofroj\u00eb risi produktesh p\u00ebr kompanit\u00eb mediale n\u00eb k\u00ebto vende.<\/p>\n<p>\u201cFacebook News\u201d, q\u00eb kuron nj\u00eb feed artikujsh lajmesh, \u00ebsht\u00eb nj\u00eb sked\u00eb e dedikuar e ve\u00e7ant\u00eb e aplikacionit Facebook.<\/p>\n<p>\u201cLajmet p\u00ebrb\u00ebjn\u00eb m\u00eb pak se 3 p\u00ebr qind t\u00eb asaj q\u00eb njer\u00ebzit n\u00eb mbar\u00eb bot\u00ebn shohin n\u00eb feed-in e tyre n\u00eb Facebook, k\u00ebshtu q\u00eb zbulimi i lajmeve \u00ebsht\u00eb nj\u00eb pjes\u00eb e vog\u00ebl e p\u00ebrvoj\u00ebs s\u00eb Facebook p\u00ebr shumic\u00ebn d\u00ebrrmuese t\u00eb njer\u00ebzve\u201d, tha Meta n\u00eb nj\u00eb postim n\u00eb blog.<strong>\u00a0\/Telegrafi\/<\/strong><\/p>\n","protected":false},"excerpt":{"rendered":"<p>Meta Platforms tha t\u00eb mart\u00ebn se do t\u00eb nd\u00ebrpres\u00eb funksionin \u201cFacebook News\u201d n\u00eb aplikacionin e Facebookut n\u00eb Mbret\u00ebrin\u00eb e Bashkuar, Franc\u00eb dhe Gjermani, m\u00eb von\u00eb<\/p>\n","protected":false},"author":14,"featured_media":15962,"comment_status":"open","ping_status":"open","sticky":false,"template":"","format":"standard","meta":{"footnotes":""},"categories":[53],"tags":[],"class_list":["post-15961","post","type-post","status-publish","format-standard","has-post-thumbnail","hentry","category-teknologji"],"_links":{"self":[{"href":"https:\/\/indeks.bilten.mk\/index.php?rest_route=\/wp\/v2\/posts\/15961","targetHints":{"allow":["GET"]}}],"collection":[{"href":"https:\/\/indeks.bilten.mk\/index.php?rest_route=\/wp\/v2\/posts"}],"about":[{"href":"https:\/\/indeks.bilten.mk\/index.php?rest_route=\/wp\/v2\/types\/post"}],"author":[{"embeddable":true,"href":"https:\/\/indeks.bilten.mk\/index.php?rest_route=\/wp\/v2\/users\/14"}],"replies":[{"embeddable":true,"href":"https:\/\/indeks.bilten.mk\/index.php?rest_route=%2Fwp%2Fv2%2Fcomments&post=15961"}],"version-history":[{"count":0,"href":"https:\/\/indeks.bilten.mk\/index.php?rest_route=\/wp\/v2\/posts\/15961\/revisions"}],"wp:featuredmedia":[{"embeddable":true,"href":"https:\/\/indeks.bilten.mk\/index.php?rest_route=\/wp\/v2\/media\/15962"}],"wp:attachment":[{"href":"https:\/\/indeks.bilten.mk\/index.php?rest_route=%2Fwp%2Fv2%2Fmedia&parent=15961"}],"wp:term":[{"taxonomy":"category","embeddable":true,"href":"https:\/\/indeks.bilten.mk\/index.php?rest_route=%2Fwp%2Fv2%2Fcategories&post=15961"},{"taxonomy":"post_tag","embeddable":true,"href":"https:\/\/indeks.bilten.mk\/index.php?rest_route=%2Fwp%2Fv2%2Ftags&post=15961"}],"curies":[{"name":"wp","href":"https:\/\/api.w.org\/{rel}","templated":true}]}}