{"id":15978,"date":"2023-09-07T14:08:54","date_gmt":"2023-09-07T12:08:54","guid":{"rendered":"https:\/\/indeks.mk\/?p=15978"},"modified":"2023-09-07T14:08:54","modified_gmt":"2023-09-07T12:08:54","slug":"al-pacino-ndahet-nga-e-dashura-e-tij-54-vite-me-e-re-tre-muaj-pasi-ajo-ia-lindi-nje-djale","status":"publish","type":"post","link":"https:\/\/indeks.bilten.mk\/?p=15978","title":{"rendered":"Al Pacino ndahet nga e dashura e tij 54 vite m\u00eb e re, tre muaj pasi ajo ia lindi nj\u00eb djal\u00eb"},"content":{"rendered":"<p><strong>Al Pacino dhe partnerja e tij Noor Alfallah, jan\u00eb ndar\u00eb dhe ajo ka b\u00ebr\u00eb k\u00ebrkes\u00eb p\u00ebr kujdestarin\u00eb e djalit t\u00eb saj tre muajsh me aktorin, Roman Alfallah Pacino.<\/strong><\/p>\n<p>Alfallah, 29 vje\u00e7, paraqiti dokumente ligjore n\u00eb Los Angeles duke k\u00ebrkuar kujdestarin\u00eb e plot\u00eb fizike t\u00eb foshnj\u00ebs, duke shtuar se ajo d\u00ebshiron q\u00eb aktori 83-vje\u00e7ar t\u00eb ket\u00eb \u2018vizitim t\u00eb arsyesh\u00ebm\u2019, raportoi The Blast t\u00eb m\u00ebrkur\u00ebn pas shqyrtimit t\u00eb dokumenteve ligjore.<\/p>\n<p>Pacino dhe Alfallah ishin t\u00eb lidhur n\u00eb m\u00ebnyr\u00eb romantike q\u00eb nga prilli i vitit 2022 dhe mir\u00ebprit\u00ebn n\u00eb jet\u00eb djalin e tyre m\u00eb 6 qershor n\u00eb Spitalin \u201cSinai Cedar\u201d n\u00eb Los Angeles.<\/p>\n<figure class=\"wp-block-image\"><img decoding=\"async\" class=\"wp-image-3789033\" src=\"https:\/\/telegrafi.com\/wp-content\/uploads\/2023\/09\/ali1.jpg\" alt=\"\" \/><\/figure>\n<p>Al Pacino \u00ebsht\u00eb tashm\u00eb baba i tre f\u00ebmij\u00ebve me dy gra: ai ndan binjak\u00ebt 22-vje\u00e7ar\u00eb Olivia Pacino dhe Anton James Pacino me Beverly D\u2019Angelo; dhe Julie Pacino, 33 vje\u00e7, me Jan Tarrant.Reklama<\/p>\n<div><\/div>\n<p><a href=\"https:\/\/www.dailymail.co.uk\/tvshowbiz\/article-12489771\/Al-Pacino-Noor-Alfallah-files-custody-son.html\" target=\"_blank\" rel=\"noreferrer noopener\"><em>DailyMail<\/em><\/a>\u00a0ka kontaktuar me p\u00ebrfaq\u00ebsuesit p\u00ebr media t\u00eb Pacinos p\u00ebr t\u00eb marr\u00eb nj\u00eb koment mbi k\u00ebt\u00eb \u00e7\u00ebshtje, pro ata nuk jan\u00eb p\u00ebrgjigjur.<\/p>\n<figure class=\"wp-block-image\"><img decoding=\"async\" class=\"wp-image-3789034\" src=\"https:\/\/telegrafi.com\/wp-content\/uploads\/2023\/09\/ali2.jpg\" alt=\"\" \/><\/figure>\n<p>Sipas gazet\u00ebs, Alfallah i tha gjykat\u00ebs se ishte e gatshme t\u2019i jepte yllit veteran t\u00eb filmit kujdestarin\u00eb e p\u00ebrbashk\u00ebt ligjore t\u00eb djalit t\u00eb tyre t\u00eb vog\u00ebl, gj\u00eb q\u00eb do t\u2019i jepte atij nj\u00eb fjal\u00eb p\u00ebr \u00e7\u00ebshtjet q\u00eb lidhen me arsimin, fen\u00eb, trajtimin mjek\u00ebsor dhe m\u00eb shum\u00eb.<\/p>\n<p>N\u00eb dosjen e saj ligjore, Alfallah futi nj\u00eb dokument t\u00eb titulluar \u2018deklarat\u00eb vullnetare e prind\u00ebrve\u2019, t\u00eb cil\u00ebn ajo dhe Pacino e n\u00ebnshkruan gjasht\u00eb dit\u00eb pasi lindi djali i tyre.<\/p>\n<figure class=\"wp-block-image\"><img decoding=\"async\" class=\"wp-image-3789035\" src=\"https:\/\/telegrafi.com\/wp-content\/uploads\/2023\/09\/ali3.jpg\" alt=\"\" \/><\/figure>\n<p>Dokumenti, t\u00eb cilin nj\u00eb d\u00ebshmitar i pal\u00ebs s\u00eb tret\u00eb e n\u00ebnshkroi, pranonte at\u00ebsin\u00eb e f\u00ebmij\u00ebs nga Pacino. Alfallah n\u00eb dokumentet ligjore tha se ajo e konceptoi f\u00ebmij\u00ebn n\u00eb Kaliforni pasi kishte kryer \u2018marr\u00ebdh\u00ebnie seksuale\u2019 me aktorin.<\/p>\n<p>Alfallah po k\u00ebrkon n\u00eb dokumente gjyq\u00ebsore q\u00eb Pacino t\u00eb paguaj\u00eb tarifat e avokatit t\u00eb saj ose \u00e7do kosto tjet\u00ebr t\u00eb lidhur me \u00e7\u00ebshtjen, sipas gazet\u00ebs.<\/p>\n<figure class=\"wp-block-image\"><img decoding=\"async\" class=\"wp-image-3789036\" src=\"https:\/\/telegrafi.com\/wp-content\/uploads\/2023\/09\/ali4.jpg\" alt=\"\" \/><\/figure>\n<p>Sipas gazet\u00ebs, nj\u00eb shum\u00eb specifike e mb\u00ebshtetjes s\u00eb f\u00ebmij\u00ebve nuk ishte deklaruar n\u00eb dosjen gjyq\u00ebsore.<\/p>\n<p>Sipas The Blast, dokumentet ligjore n\u00eb k\u00ebt\u00eb rast deklaruan se \u201cgjykata mund t\u00eb marr\u00eb urdhra p\u00ebr mb\u00ebshtetjen e f\u00ebmij\u00ebve dhe t\u00eb l\u00ebshoj\u00eb nj\u00eb caktim t\u00eb t\u00eb ardhurave pa njoftim t\u00eb m\u00ebtejsh\u00ebm p\u00ebr asnj\u00ebr\u00ebn pal\u00eb\u201d.<\/p>\n<figure class=\"wp-block-image\"><img decoding=\"async\" class=\"wp-image-3789037\" src=\"https:\/\/telegrafi.com\/wp-content\/uploads\/2023\/09\/ali5.jpg\" alt=\"\" \/><\/figure>\n<p>Pritej q\u00eb gjyqtari i \u00e7\u00ebshtjes t\u00eb deklaronte nj\u00eb shum\u00eb t\u00eb bazuar n\u00eb at\u00eb q\u00eb Alfallah k\u00ebrkon n\u00eb seancat e ardhshme; Nuk kishte asnj\u00eb prov\u00eb q\u00eb tregonte se Pacino ishte kund\u00ebr ndonj\u00eb prej k\u00ebrkesave, raportoi gazeta.<\/p>\n<p>Alfallah m\u00eb par\u00eb ishte n\u00eb romanca me ikon\u00ebn e Rolling Stones, Mick Jagger dhe miliarderin Nicolas Berggruen.Reklama<\/p>\n<p>Ajo u pa me ikon\u00ebn e \u201cTinseltown\u201d, Clint Eastwood, 93 vje\u00e7, n\u00eb vitin 2019, por tha se ata ishin thjesht miq t\u00eb familjes. Nj\u00eb vit m\u00eb par\u00eb, ajo u pa me aktorin e \u201cInglourious Basterds\u201d, Eli Roth, 51 vje\u00e7.<\/p>\n<p>Diferenca n\u00eb mosh\u00eb e Alfallah me Pacinon \u2018nuk duket t\u00eb jet\u00eb problem\u2019, tha nj\u00eb burim p\u00ebr Page Six n\u00eb prill t\u00eb vitit 2022, duke shtuar se producentja kuvajtiano-amerikane e filmit \u2018kryesisht shoq\u00ebrohet me burra t\u00eb moshuar shum\u00eb t\u00eb pasur\u2019 dhe \u2018l\u00ebviz me avion\u00ebt e pasur dhe ajo vjen nga nj\u00eb familje me para\u2019.<\/p>\n<p>Alfallah \u00ebsht\u00eb nj\u00eb vendase e Beverly Hills dhe ndoqi Shkoll\u00ebn e Filmit dhe Televizionit n\u00eb UCLA, m\u00eb von\u00eb duke ndjekur nj\u00eb karrier\u00eb si producente.<\/p>\n<p>&nbsp;<\/p>\n<div class=\"lm-zs-enabled overlay-plain\" data-lm-zs-src=\"[&quot;https:\/\/www.gazetaexpress.com\/wp-content\/uploads\/2023\/06\/1685610357_arrestohet-1.jpg&quot;, &quot;https:\/\/www.gazetaexpress.com\/wp-content\/uploads\/2023\/09\/Capture-82.jpg&quot;, &quot;https:\/\/www.gazetaexpress.com\/wp-content\/uploads\/2023\/09\/berisha-basha-pd1-640x332-1.jpg&quot;, &quot;https:\/\/www.gazetaexpress.com\/wp-content\/uploads\/2023\/03\/skysports-euro-2024-italy-germany_5913459.jpg&quot;]\">\n<div class=\"lm-zs-slideshow\">\n<div class=\"lm-click-for-story\"><\/div>\n<\/div>\n<\/div>\n","protected":false},"excerpt":{"rendered":"<p>Al Pacino dhe partnerja e tij Noor Alfallah, jan\u00eb ndar\u00eb dhe ajo ka b\u00ebr\u00eb k\u00ebrkes\u00eb p\u00ebr kujdestarin\u00eb e djalit t\u00eb saj tre muajsh me aktorin,<\/p>\n","protected":false},"author":14,"featured_media":15979,"comment_status":"open","ping_status":"open","sticky":false,"template":"","format":"standard","meta":{"footnotes":""},"categories":[49],"tags":[],"class_list":["post-15978","post","type-post","status-publish","format-standard","has-post-thumbnail","hentry","category-showbiz"],"_links":{"self":[{"href":"https:\/\/indeks.bilten.mk\/index.php?rest_route=\/wp\/v2\/posts\/15978","targetHints":{"allow":["GET"]}}],"collection":[{"href":"https:\/\/indeks.bilten.mk\/index.php?rest_route=\/wp\/v2\/posts"}],"about":[{"href":"https:\/\/indeks.bilten.mk\/index.php?rest_route=\/wp\/v2\/types\/post"}],"author":[{"embeddable":true,"href":"https:\/\/indeks.bilten.mk\/index.php?rest_route=\/wp\/v2\/users\/14"}],"replies":[{"embeddable":true,"href":"https:\/\/indeks.bilten.mk\/index.php?rest_route=%2Fwp%2Fv2%2Fcomments&post=15978"}],"version-history":[{"count":0,"href":"https:\/\/indeks.bilten.mk\/index.php?rest_route=\/wp\/v2\/posts\/15978\/revisions"}],"wp:featuredmedia":[{"embeddable":true,"href":"https:\/\/indeks.bilten.mk\/index.php?rest_route=\/wp\/v2\/media\/15979"}],"wp:attachment":[{"href":"https:\/\/indeks.bilten.mk\/index.php?rest_route=%2Fwp%2Fv2%2Fmedia&parent=15978"}],"wp:term":[{"taxonomy":"category","embeddable":true,"href":"https:\/\/indeks.bilten.mk\/index.php?rest_route=%2Fwp%2Fv2%2Fcategories&post=15978"},{"taxonomy":"post_tag","embeddable":true,"href":"https:\/\/indeks.bilten.mk\/index.php?rest_route=%2Fwp%2Fv2%2Ftags&post=15978"}],"curies":[{"name":"wp","href":"https:\/\/api.w.org\/{rel}","templated":true}]}}