{"id":15983,"date":"2023-09-07T14:30:34","date_gmt":"2023-09-07T12:30:34","guid":{"rendered":"https:\/\/indeks.mk\/?p=15983"},"modified":"2023-09-07T14:30:34","modified_gmt":"2023-09-07T12:30:34","slug":"vmro-dpmne-mundesoi-korumin-per-ndryshimet-ne-kodin-penal-ndersa-levica-nuk-ishte-kunder","status":"publish","type":"post","link":"https:\/\/indeks.bilten.mk\/?p=15983","title":{"rendered":"VMRO-DPMNE mund\u00ebsoi korumin p\u00ebr ndryshimet n\u00eb Kodin Penal, nd\u00ebrsa Levica nuk ishte kund\u00ebr"},"content":{"rendered":"<p>Me 48 vota \u201cp\u00ebr\u201d, 36 \u201ckund\u00ebr\u201d dhe nj\u00eb t\u00eb p\u00ebrmbajtur, Kuvendi i Maqedonis\u00eb s\u00eb Veriut dje pasdite i miratoi ndryshimet dhe plot\u00ebsimet e Kodit penal.<\/p>\n<p>Pas debatit pro dhe kund\u00ebr, z\u00ebvend\u00ebsmnistrja e Drejt\u00ebsis\u00eb, Viktoria Avramovska \u2013 Madiq deklaroi se nga gjithsej 38 nene n\u00eb ndryshimet dhe plot\u00ebsimet ligjore, 35 jan\u00eb me direktiva t\u00eb BE-s\u00eb.<\/p>\n<p>\u201cQ\u00eb t\u00eb mos ket\u00eb hamendje dhe dilema p\u00ebrse Ligji \u00ebsht\u00eb me flamur evropian, theksoj se parasheh 38 nene nga t\u00eb cilat 35 jan\u00eb me direktiva t\u00eb BE-s\u00eb. Dje kur e dhash\u00eb Propozimin se p\u00ebrse duhet t\u00eb jet\u00eb me flamur evropian dhe me procedur\u00eb t\u00eb shkurt\u00eb, p\u00ebrmenda se q\u00ebllimi \u00ebsht\u00eb harmonizimi me legjislatur\u00ebn evropiane\u201d, theksoi Avramovska \u2013 Madiq.<\/p>\n<p>Opozitarja VMRO-DPMNE mund\u00ebsoi korum p\u00ebr ndryshimet n\u00eb Kodin Penal, nd\u00ebrsa as Levica nuk ishte kund\u00ebr.<\/p>\n<p>Sipas njoh\u00ebsve t\u00eb \u00e7\u00ebshtjeve juridike, ky vendim pritet t\u00eb tregoi m\u00eb shum\u00eb efekt, sepse m\u00eb k\u00ebto ndryshime parashikohet ulje t\u00eb d\u00ebnimeve me burg p\u00ebr vepr\u00ebn e penale Keqp\u00ebrdorim i pozit\u00ebs dhe autorizimit zyrtar por zgjerohet sekuestrimi.<\/p>\n<p>Me ndryshimet e miratuara, parashihet q\u00eb d\u00ebnimi me burgim t\u00eb jet\u00eb nga nj\u00eb deri n\u00eb kat\u00ebr vjet.<\/p>\n","protected":false},"excerpt":{"rendered":"<p>Me 48 vota \u201cp\u00ebr\u201d, 36 \u201ckund\u00ebr\u201d dhe nj\u00eb t\u00eb p\u00ebrmbajtur, Kuvendi i Maqedonis\u00eb s\u00eb Veriut dje pasdite i miratoi ndryshimet dhe plot\u00ebsimet e Kodit penal.<\/p>\n","protected":false},"author":14,"featured_media":15984,"comment_status":"open","ping_status":"open","sticky":false,"template":"","format":"standard","meta":{"footnotes":""},"categories":[44],"tags":[],"class_list":["post-15983","post","type-post","status-publish","format-standard","has-post-thumbnail","hentry","category-maqedoni"],"_links":{"self":[{"href":"https:\/\/indeks.bilten.mk\/index.php?rest_route=\/wp\/v2\/posts\/15983","targetHints":{"allow":["GET"]}}],"collection":[{"href":"https:\/\/indeks.bilten.mk\/index.php?rest_route=\/wp\/v2\/posts"}],"about":[{"href":"https:\/\/indeks.bilten.mk\/index.php?rest_route=\/wp\/v2\/types\/post"}],"author":[{"embeddable":true,"href":"https:\/\/indeks.bilten.mk\/index.php?rest_route=\/wp\/v2\/users\/14"}],"replies":[{"embeddable":true,"href":"https:\/\/indeks.bilten.mk\/index.php?rest_route=%2Fwp%2Fv2%2Fcomments&post=15983"}],"version-history":[{"count":0,"href":"https:\/\/indeks.bilten.mk\/index.php?rest_route=\/wp\/v2\/posts\/15983\/revisions"}],"wp:featuredmedia":[{"embeddable":true,"href":"https:\/\/indeks.bilten.mk\/index.php?rest_route=\/wp\/v2\/media\/15984"}],"wp:attachment":[{"href":"https:\/\/indeks.bilten.mk\/index.php?rest_route=%2Fwp%2Fv2%2Fmedia&parent=15983"}],"wp:term":[{"taxonomy":"category","embeddable":true,"href":"https:\/\/indeks.bilten.mk\/index.php?rest_route=%2Fwp%2Fv2%2Fcategories&post=15983"},{"taxonomy":"post_tag","embeddable":true,"href":"https:\/\/indeks.bilten.mk\/index.php?rest_route=%2Fwp%2Fv2%2Ftags&post=15983"}],"curies":[{"name":"wp","href":"https:\/\/api.w.org\/{rel}","templated":true}]}}