{"id":15987,"date":"2023-09-07T15:57:12","date_gmt":"2023-09-07T13:57:12","guid":{"rendered":"https:\/\/indeks.mk\/?p=15987"},"modified":"2023-09-07T15:57:33","modified_gmt":"2023-09-07T13:57:33","slug":"nikolla-gruevski-frigohuni","status":"publish","type":"post","link":"https:\/\/indeks.bilten.mk\/?p=15987","title":{"rendered":"Nikolla Gruevski: Frigohuni!"},"content":{"rendered":"<p>Pas ndryshimit t\u00eb Kodit Penal nga ana e deputet\u00ebve n\u00eb Parlamentin e Maqedonis\u00eb, ka reaguar ish kryeministri, Nikolla Gruevski.<\/p>\n<p>N\u00eb nj\u00eb shkrim n\u00eb rrjetet sociale, Gruevski i demanton teorit\u00eb p\u00ebr pazar politik me pushtetin, nd\u00ebrkaq thekson se ai vazhdon t\u00eb p\u00ebrndiqet politikisht.<\/p>\n<p>Sipas tij, p\u00ebr ndryshime t\u00eb tilla n\u00eb Ligj flitet n\u00eb publik p\u00ebr nj\u00eb koh\u00eb t\u00eb gjat\u00eb, rreth kat\u00ebr-pes\u00eb vjet.<\/p>\n<p>\u201cPartit\u00eb, drejtp\u00ebrdrejt ose p\u00ebrmes boteve t\u00eb tyre t\u00eb internetit dhe veg\u00ebzave t\u00eb tyre n\u00eb media n\u00eb Maqedoni, n\u00eb munges\u00eb t\u00eb pun\u00ebve, vizionit, ofert\u00ebs, projekteve dhe zgjidhjeve konkrete p\u00ebr problemet e popullit n\u00eb Maqedoni, rregullisht gjuajn\u00eb dhe \u00e7do dy ose tre muaj iu kujtohet t\u00eb dalin me spine drejt mua n\u00eb drejtim t\u00eb disa marr\u00ebveshjeve t\u00eb mia joparimore me dik\u00eb apo p\u00ebr di\u00e7ka, konspiracione e t\u00eb ngjashme, k\u00ebshtu q\u00eb prej disa vitesh ka nevoj\u00eb p\u00ebr t\u2019i mohuar n\u00eb m\u00ebnyr\u00eb periodike, ashtu si\u00e7 b\u00ebj dhe tani, me k\u00ebt\u00eb rast n\u00eb t\u00eb cilin p\u00ebrs\u00ebri e dematoj t\u00eb nj\u00ebjt\u00ebn gj\u00eb. P\u00ebr ndryshime t\u00eb tilla n\u00eb Ligj flitet n\u00eb publik p\u00ebr nj\u00eb koh\u00eb t\u00eb gjat\u00eb, rreth kat\u00ebr-pes\u00eb vjet dhe me sa shoh nga mediat, ka shum\u00eb pal\u00eb t\u00eb interesuara nga pal\u00eb t\u00eb ndryshme politike q\u00eb i nj\u00ebjti t\u00eb miratohet. N\u00eb rastin tim t\u00eb persekutimit, ata kan\u00eb nj\u00eb rol t\u00eb vog\u00ebl. Un\u00eb dhe disa bashk\u00ebpun\u00ebtor\u00eb t\u00eb mi jemi n\u00ebn persekutim p\u00ebr gj\u00ebra t\u00eb pab\u00ebra, sfondi i atij persekutimi \u00ebsht\u00eb frika nga konkurrenca dhe d\u00ebshira p\u00ebr eliminim politik, dhe kjo quhet persekutim politik. Ky persekutim vazhdon edhe sot e k\u00ebsaj dite dhe vazhdon t\u00eb shtohet frika e shum\u00eb prej tyre p\u00ebr ndalim dhe d\u00ebshtimit t\u00eb tij. Dhe kan\u00eb arsye p\u00ebr t\u2019u frik\u00ebsuar!\u201d, ka shkruar Gruevki.<\/p>\n<p><iframe loading=\"lazy\" src=\"https:\/\/www.facebook.com\/plugins\/post.php?href=https%3A%2F%2Fwww.facebook.com%2FNGruevski%2Fposts%2Fpfbid0248BAgdxeE75i77yGQgbSAp6ojquTPCtFZFycYPZcBNrrF8xyiUbh9v4teBJYqyeHl&#038;show_text=true&#038;width=500\" width=\"500\" height=\"286\" style=\"border:none;overflow:hidden\" scrolling=\"no\" frameborder=\"0\" allowfullscreen=\"true\" allow=\"autoplay; clipboard-write; encrypted-media; picture-in-picture; web-share\"><\/iframe><\/p>\n","protected":false},"excerpt":{"rendered":"<p>Pas ndryshimit t\u00eb Kodit Penal nga ana e deputet\u00ebve n\u00eb Parlamentin e Maqedonis\u00eb, ka reaguar ish kryeministri, Nikolla Gruevski. N\u00eb nj\u00eb shkrim n\u00eb rrjetet sociale,<\/p>\n","protected":false},"author":14,"featured_media":15988,"comment_status":"open","ping_status":"open","sticky":false,"template":"","format":"standard","meta":{"footnotes":""},"categories":[44],"tags":[],"class_list":["post-15987","post","type-post","status-publish","format-standard","has-post-thumbnail","hentry","category-maqedoni"],"_links":{"self":[{"href":"https:\/\/indeks.bilten.mk\/index.php?rest_route=\/wp\/v2\/posts\/15987","targetHints":{"allow":["GET"]}}],"collection":[{"href":"https:\/\/indeks.bilten.mk\/index.php?rest_route=\/wp\/v2\/posts"}],"about":[{"href":"https:\/\/indeks.bilten.mk\/index.php?rest_route=\/wp\/v2\/types\/post"}],"author":[{"embeddable":true,"href":"https:\/\/indeks.bilten.mk\/index.php?rest_route=\/wp\/v2\/users\/14"}],"replies":[{"embeddable":true,"href":"https:\/\/indeks.bilten.mk\/index.php?rest_route=%2Fwp%2Fv2%2Fcomments&post=15987"}],"version-history":[{"count":0,"href":"https:\/\/indeks.bilten.mk\/index.php?rest_route=\/wp\/v2\/posts\/15987\/revisions"}],"wp:featuredmedia":[{"embeddable":true,"href":"https:\/\/indeks.bilten.mk\/index.php?rest_route=\/wp\/v2\/media\/15988"}],"wp:attachment":[{"href":"https:\/\/indeks.bilten.mk\/index.php?rest_route=%2Fwp%2Fv2%2Fmedia&parent=15987"}],"wp:term":[{"taxonomy":"category","embeddable":true,"href":"https:\/\/indeks.bilten.mk\/index.php?rest_route=%2Fwp%2Fv2%2Fcategories&post=15987"},{"taxonomy":"post_tag","embeddable":true,"href":"https:\/\/indeks.bilten.mk\/index.php?rest_route=%2Fwp%2Fv2%2Ftags&post=15987"}],"curies":[{"name":"wp","href":"https:\/\/api.w.org\/{rel}","templated":true}]}}